{"id":96,"date":"2023-08-09T11:37:06","date_gmt":"2023-08-09T14:37:06","guid":{"rendered":"https:\/\/leswarmi.ar\/?p=96"},"modified":"2024-08-30T11:17:08","modified_gmt":"2024-08-30T14:17:08","slug":"acceso-a-salud-desde-una-perspectiva-interseccionalidad","status":"publish","type":"post","link":"https:\/\/leswarmi.ar\/index.php\/2023\/08\/09\/acceso-a-salud-desde-una-perspectiva-interseccionalidad\/","title":{"rendered":"Acceso a salud desde una perspectiva interseccionalidad."},"content":{"rendered":"\n<p>Leswarmi mujeres originarias lesbianas y bisexuales, particip\u00f3 del <a href=\"https:\/\/www.ohchr.org\/en\/documents\/general-comments-and-recommendations\/first-draft-general-recommendation-no-37-2023-racial\">Anteproyecto de Recomendaci\u00f3n General No. 37 (2023) sobre Discriminaci\u00f3n racial en el disfrute del derecho a la salud<\/a> del Comit\u00e9 para la Eliminaci\u00f3n de la Discriminaci\u00f3n Racial (CERD) de Naciones Unidas con el informe &#8220;Acceso a salud desde una perspectiva interseccionalidad&#8221;. <\/p>\n\n\n\n<p>El Comit\u00e9 para la Eliminaci\u00f3n de la Discriminaci\u00f3n Racial (CERD) se encuentra desarrollando una recomendaci\u00f3n general sobre el derecho a la salud. En ese sentido, CERD organiz\u00f3 una consulta regional para la sociedad civil de Am\u00e9rica Latina, para escuchar opiniones y experiencias. El borrador actual de la recomendaci\u00f3n general no menciona LGBTI, orientaci\u00f3n sexual, identidad de g\u00e9nero, caracter\u00edsticas sexuales ni expresi\u00f3n de g\u00e9nero. Por lo tanto, nos pareci\u00f3 muy importante proporcionar insumos relevantes para nuestras comunidades LGBTIQ+ atravesadas por distintas formas de discriminaci\u00f3n racial.<\/p>\n\n\n\n<p>En el informe \u201cAcceso a salud desde una perspectiva interseccional\u201d informamos al Comit\u00e9 sobre los problemas a los que se enfrentan las personas LGBTIQ+ racializadas en sistemas de salud p\u00fablico y privado. No solamente personas LGBTIQ+, sino tambi\u00e9n personas que pertenecen a minor\u00edas \u00e9tnicas o raciales, poblaciones ind\u00edgenas, refugiados o migrantes. El acceso de informaci\u00f3n y servicios sexuales y reproductivos, intervenciones por parte de profesionales m\u00e9dicos, uso de pr\u00e1cticas clandestinas para personas trans, discriminaci\u00f3n (homo, lesbo, bi, transfobia) de parte de profesionales de salud a personas LGBTIQ+ racializadas.<\/p>\n\n\n\n<p>El informe &#8220;Acceso a salud desde una perspectiva interseccionalidad&#8221; fue realizado junto a la biblioteca popular Cris\u00e1lida de g\u00e9nero y diversidad afectivo sexual; Familias Diversas y La Grupa Trans con el apoyo de AllWelcome Canad\u00e1 y Matria, instituto sobre cuestiones de g\u00e9nero.<\/p>\n\n\n\n<p>El informe \u201cAcceso a salud desde una perspectiva interseccionalidad\u201d puede leerse aqu\u00ed: <a href=\"https:\/\/familiasdiversastuc.ediedu.org\/wp-content\/uploads\/2023\/08\/Informe-acceso-a-salud-desde-una-perspectiva-interseccionalidad.-Tucuman-Argentina-2023.-1.pdf\" target=\"_blank\" rel=\"noreferrer noopener nofollow\">INFORME<\/a><\/p>\n\n\n\n<p><\/p>\n\n\n\n<p><\/p>\n","protected":false},"excerpt":{"rendered":"<p>CERD-ONU se encuentra desarrollando una recomendaci\u00f3n general sobre el derecho a la salud. <\/p>\n","protected":false},"author":3,"featured_media":97,"comment_status":"closed","ping_status":"closed","sticky":false,"template":"","format":"standard","meta":{"footnotes":""},"categories":[6],"tags":[],"class_list":["post-96","post","type-post","status-publish","format-standard","has-post-thumbnail","hentry","category-acceso-a-derechos"],"_links":{"self":[{"href":"https:\/\/leswarmi.ar\/index.php\/wp-json\/wp\/v2\/posts\/96","targetHints":{"allow":["GET"]}}],"collection":[{"href":"https:\/\/leswarmi.ar\/index.php\/wp-json\/wp\/v2\/posts"}],"about":[{"href":"https:\/\/leswarmi.ar\/index.php\/wp-json\/wp\/v2\/types\/post"}],"author":[{"embeddable":true,"href":"https:\/\/leswarmi.ar\/index.php\/wp-json\/wp\/v2\/users\/3"}],"replies":[{"embeddable":true,"href":"https:\/\/leswarmi.ar\/index.php\/wp-json\/wp\/v2\/comments?post=96"}],"version-history":[{"count":4,"href":"https:\/\/leswarmi.ar\/index.php\/wp-json\/wp\/v2\/posts\/96\/revisions"}],"predecessor-version":[{"id":408,"href":"https:\/\/leswarmi.ar\/index.php\/wp-json\/wp\/v2\/posts\/96\/revisions\/408"}],"wp:featuredmedia":[{"embeddable":true,"href":"https:\/\/leswarmi.ar\/index.php\/wp-json\/wp\/v2\/media\/97"}],"wp:attachment":[{"href":"https:\/\/leswarmi.ar\/index.php\/wp-json\/wp\/v2\/media?parent=96"}],"wp:term":[{"taxonomy":"category","embeddable":true,"href":"https:\/\/leswarmi.ar\/index.php\/wp-json\/wp\/v2\/categories?post=96"},{"taxonomy":"post_tag","embeddable":true,"href":"https:\/\/leswarmi.ar\/index.php\/wp-json\/wp\/v2\/tags?post=96"}],"curies":[{"name":"wp","href":"https:\/\/api.w.org\/{rel}","templated":true}]}}