{"id":632,"date":"2025-08-20T20:10:24","date_gmt":"2025-08-20T23:10:24","guid":{"rendered":"https:\/\/leswarmi.ar\/?p=632"},"modified":"2025-08-27T18:10:48","modified_gmt":"2025-08-27T21:10:48","slug":"dia-del-activismo-por-la-diversidad-sexual","status":"publish","type":"post","link":"https:\/\/leswarmi.ar\/index.php\/2025\/08\/20\/dia-del-activismo-por-la-diversidad-sexual\/","title":{"rendered":"D\u00eda del Activismo por la Diversidad Sexual."},"content":{"rendered":"\n<p>La \ud835\udc02\ud835\udc28\ud835\udc26\ud835\udc22\ud835\udc2c\ud835\udc22\ud835\udc28\u0301\ud835\udc27 \ud835\udc1d\ud835\udc1e \ud835\udc0f\ud835\udc2b\ud835\udc28\ud835\udc2d\ud835\udc1e\ud835\udc1c\ud835\udc1c\ud835\udc22\ud835\udc28\u0301\ud835\udc27 \ud835\udc1d\ud835\udc1e \ud835\udc25\ud835\udc28\ud835\udc2c \ud835\udc03\ud835\udc1e\ud835\udc2b\ud835\udc1e\ud835\udc1c\ud835\udc21\ud835\udc28\ud835\udc2c \ud835\udc1d\ud835\udc1e \ud835\udc0c\ud835\udc2e\ud835\udc23\ud835\udc1e\ud835\udc2b, \ud835\udc06\ud835\udc1e\u0301\ud835\udc27\ud835\udc1e\ud835\udc2b\ud835\udc28 \ud835\udc32 \ud835\udc03\ud835\udc22\ud835\udc2f\ud835\udc1e\ud835\udc2b\ud835\udc2c\ud835\udc22\ud835\udc1d\ud835\udc1a\ud835\udc1d, junto a las organizaciones Fundaci\u00f3n Leswarmi, Familias Diversas Tucum\u00e1n y la Biblioteca Popular Cris\u00e1lida de la Fundaci\u00f3n Bienvenides, se realiz\u00f3 un vento en el marco del D\u00eda del Activismo por la Diversidad Sexual en Argentina, conmemorado hoy 20 de Agosto.<\/p>\n\n\n\n<p>Esta jornada tiene un nombre propio que resuena con fuerza en nuestra historia: Carlos Jauregui; militante incansable, pionero en la visibilizaci\u00f3n de las disidencias sexuales. Carlos fue un faro en la lucha por los derechos humanos y civiles de la comunidad LGBT+.<\/p>\n\n\n\n<p>Que esta mesa de di\u00e1logo sirva para escuchar experiencias, compartir saberes, y pensar colectivamente los desaf\u00edos que a\u00fan tenemos por delante.<\/p>\n\n\n\n<p>Agradecemos profundamente la participaci\u00f3n de las personas invitadas, que desde su activismo y compromiso enriquecen este espacio: Ana Singh, Alexia Musa, Daniel Mora, Dardo Altamirano y M\u00eda Miranda Maru Divadeneria. Apostamos a que este conversatorio sea una instancia de encuentro, reflexi\u00f3n y apuesta a una sociedad donde la diversidad no sea tolerada, sino celebrada.<\/p>\n\n\n\n<p>Estuvieron acompa\u00f1ando los legisladores Sara Assan, Alejandro Figueroa y Adriana Najar. Por parte de Bienvenides estuvo su presidente Gustavo Diaz Fernandez; por la fundaci\u00f3n Leswarmi su presidenta Mariela Tschannen y adem\u00e1s particip\u00f3 de la entrega de distinciones la referente pionera trans, Ana Barbara Celayes.<\/p>\n\n\n\n<figure class=\"wp-block-gallery has-nested-images columns-default is-cropped wp-block-gallery-1 is-layout-flex wp-block-gallery-is-layout-flex\">\n<figure class=\"wp-block-image size-large\"><img loading=\"lazy\" decoding=\"async\" width=\"768\" height=\"1024\" data-id=\"633\" src=\"https:\/\/leswarmi.ar\/wp-content\/uploads\/2025\/08\/IMG-20250820-WA0044-768x1024.jpg\" alt=\"\" class=\"wp-image-633\" srcset=\"https:\/\/leswarmi.ar\/wp-content\/uploads\/2025\/08\/IMG-20250820-WA0044-768x1024.jpg 768w, https:\/\/leswarmi.ar\/wp-content\/uploads\/2025\/08\/IMG-20250820-WA0044-225x300.jpg 225w, https:\/\/leswarmi.ar\/wp-content\/uploads\/2025\/08\/IMG-20250820-WA0044.jpg 960w\" sizes=\"auto, (max-width: 768px) 100vw, 768px\" \/><\/figure>\n\n\n\n<figure class=\"wp-block-image size-large\"><img loading=\"lazy\" decoding=\"async\" width=\"768\" height=\"1024\" data-id=\"634\" src=\"https:\/\/leswarmi.ar\/wp-content\/uploads\/2025\/08\/IMG-20250820-WA0048-768x1024.jpg\" alt=\"\" class=\"wp-image-634\" srcset=\"https:\/\/leswarmi.ar\/wp-content\/uploads\/2025\/08\/IMG-20250820-WA0048-768x1024.jpg 768w, https:\/\/leswarmi.ar\/wp-content\/uploads\/2025\/08\/IMG-20250820-WA0048-225x300.jpg 225w, https:\/\/leswarmi.ar\/wp-content\/uploads\/2025\/08\/IMG-20250820-WA0048.jpg 960w\" sizes=\"auto, (max-width: 768px) 100vw, 768px\" \/><\/figure>\n\n\n\n<figure class=\"wp-block-image size-large\"><img loading=\"lazy\" decoding=\"async\" width=\"1024\" height=\"576\" data-id=\"635\" src=\"https:\/\/leswarmi.ar\/wp-content\/uploads\/2025\/08\/IMG_20250820_112349160_HDR-1024x576.jpg\" alt=\"\" class=\"wp-image-635\" srcset=\"https:\/\/leswarmi.ar\/wp-content\/uploads\/2025\/08\/IMG_20250820_112349160_HDR-1024x576.jpg 1024w, https:\/\/leswarmi.ar\/wp-content\/uploads\/2025\/08\/IMG_20250820_112349160_HDR-300x169.jpg 300w, https:\/\/leswarmi.ar\/wp-content\/uploads\/2025\/08\/IMG_20250820_112349160_HDR-768x432.jpg 768w, https:\/\/leswarmi.ar\/wp-content\/uploads\/2025\/08\/IMG_20250820_112349160_HDR-1536x864.jpg 1536w, https:\/\/leswarmi.ar\/wp-content\/uploads\/2025\/08\/IMG_20250820_112349160_HDR-2048x1153.jpg 2048w\" sizes=\"auto, (max-width: 1024px) 100vw, 1024px\" \/><figcaption class=\"wp-element-caption\">hdr<\/figcaption><\/figure>\n\n\n\n<figure class=\"wp-block-image size-large\"><img loading=\"lazy\" decoding=\"async\" width=\"1024\" height=\"768\" data-id=\"636\" src=\"https:\/\/leswarmi.ar\/wp-content\/uploads\/2025\/08\/IMG-20250820-WA0039-1024x768.jpg\" alt=\"\" class=\"wp-image-636\" srcset=\"https:\/\/leswarmi.ar\/wp-content\/uploads\/2025\/08\/IMG-20250820-WA0039-1024x768.jpg 1024w, https:\/\/leswarmi.ar\/wp-content\/uploads\/2025\/08\/IMG-20250820-WA0039-300x225.jpg 300w, https:\/\/leswarmi.ar\/wp-content\/uploads\/2025\/08\/IMG-20250820-WA0039-768x576.jpg 768w, https:\/\/leswarmi.ar\/wp-content\/uploads\/2025\/08\/IMG-20250820-WA0039.jpg 1280w\" sizes=\"auto, (max-width: 1024px) 100vw, 1024px\" \/><\/figure>\n<\/figure>\n","protected":false},"excerpt":{"rendered":"<p>Fueron reconocidos\/as 13 activistas LGBT y un Colegio de Profesionales de Tucum\u00e1n. Adem\u00e1s conocimos sus historias. <\/p>\n","protected":false},"author":3,"featured_media":634,"comment_status":"closed","ping_status":"open","sticky":false,"template":"","format":"standard","meta":{"footnotes":""},"categories":[9],"tags":[],"class_list":["post-632","post","type-post","status-publish","format-standard","has-post-thumbnail","hentry","category-actividades"],"_links":{"self":[{"href":"https:\/\/leswarmi.ar\/index.php\/wp-json\/wp\/v2\/posts\/632","targetHints":{"allow":["GET"]}}],"collection":[{"href":"https:\/\/leswarmi.ar\/index.php\/wp-json\/wp\/v2\/posts"}],"about":[{"href":"https:\/\/leswarmi.ar\/index.php\/wp-json\/wp\/v2\/types\/post"}],"author":[{"embeddable":true,"href":"https:\/\/leswarmi.ar\/index.php\/wp-json\/wp\/v2\/users\/3"}],"replies":[{"embeddable":true,"href":"https:\/\/leswarmi.ar\/index.php\/wp-json\/wp\/v2\/comments?post=632"}],"version-history":[{"count":2,"href":"https:\/\/leswarmi.ar\/index.php\/wp-json\/wp\/v2\/posts\/632\/revisions"}],"predecessor-version":[{"id":645,"href":"https:\/\/leswarmi.ar\/index.php\/wp-json\/wp\/v2\/posts\/632\/revisions\/645"}],"wp:featuredmedia":[{"embeddable":true,"href":"https:\/\/leswarmi.ar\/index.php\/wp-json\/wp\/v2\/media\/634"}],"wp:attachment":[{"href":"https:\/\/leswarmi.ar\/index.php\/wp-json\/wp\/v2\/media?parent=632"}],"wp:term":[{"taxonomy":"category","embeddable":true,"href":"https:\/\/leswarmi.ar\/index.php\/wp-json\/wp\/v2\/categories?post=632"},{"taxonomy":"post_tag","embeddable":true,"href":"https:\/\/leswarmi.ar\/index.php\/wp-json\/wp\/v2\/tags?post=632"}],"curies":[{"name":"wp","href":"https:\/\/api.w.org\/{rel}","templated":true}]}}