{"id":562,"date":"2025-04-12T18:19:12","date_gmt":"2025-04-12T21:19:12","guid":{"rendered":"https:\/\/leswarmi.ar\/?p=562"},"modified":"2025-04-12T18:19:12","modified_gmt":"2025-04-12T21:19:12","slug":"hablemos-de-ecosieg-terapias-de-conversion","status":"publish","type":"post","link":"https:\/\/leswarmi.ar\/index.php\/2025\/04\/12\/hablemos-de-ecosieg-terapias-de-conversion\/","title":{"rendered":"Hablemos de ECOSIEG (Terapias de Conversi\u00f3n)."},"content":{"rendered":"\n<p>El 21 de abril a las 15 hs conversaremos junto al Lic. Gast\u00f3n Onetto (Psic\u00f3logo, especialista en salud social y comunitaria, . Integrante del \u00e1rea de g\u00e9nero y disidencias del colegio de psic\u00f3logos\/as de Santa Fe. Activista contra las pr\u00e1cticas de conversi\u00f3n -ECOSIEG-, artista esc\u00e9nico). En esta oportunidad las conversaciones intentaran profundizar sobre: qu\u00e9 son los ECOSIEG, cu\u00e1l es el marco hist\u00f3rico y actual en el que se inscriben, como afecta a las personas que las han&nbsp;<a><\/a>atravesado y que hacer para trasformar esta realidad.<\/p>\n\n\n\n<p>Gast\u00f3n nos comparte algunas apreciaciones desde su doble prima como profesional de la psicolog\u00eda y como sobreviviente de \u201cterapias de conversi\u00f3n\u201d. El conversatorio es gratuito y lo realizaremos en&nbsp;<a href=\"https:\/\/www.facebook.com\/profile.php?id=100064760764623&amp;__cft__[0]=AZXLxkwSoJeQmrb4EyjnRP8TT3nWXZeXeSMqsC4EHVjAfJjcVk4lRhqXU8KvhQFyloA1L8OSoFOqFL6gWZ8pBGsJpHOr5qZP7QxgC2pZD38JsmDZ3-RDHOmWX5AtRV6lQjq11HZ_F3FnbR3mmO4KHUnOILqH5Hz_OMNCgz14NEfW5w&amp;__tn__=-]K-R\">CiT\u00e1, Abasto de Cultura<\/a>&nbsp;(Lamadrid 1457). Para m\u00e1s informaci\u00f3n escribinos.<\/p>\n\n\n\n<figure class=\"wp-block-image size-large\"><img loading=\"lazy\" decoding=\"async\" width=\"819\" height=\"1024\" src=\"https:\/\/leswarmi.ar\/wp-content\/uploads\/2025\/04\/charla-Gaston-Onetto-819x1024.png\" alt=\"\" class=\"wp-image-563\" srcset=\"https:\/\/leswarmi.ar\/wp-content\/uploads\/2025\/04\/charla-Gaston-Onetto-819x1024.png 819w, https:\/\/leswarmi.ar\/wp-content\/uploads\/2025\/04\/charla-Gaston-Onetto-240x300.png 240w, https:\/\/leswarmi.ar\/wp-content\/uploads\/2025\/04\/charla-Gaston-Onetto-768x960.png 768w, https:\/\/leswarmi.ar\/wp-content\/uploads\/2025\/04\/charla-Gaston-Onetto.png 1080w\" sizes=\"auto, (max-width: 819px) 100vw, 819px\" \/><\/figure>\n","protected":false},"excerpt":{"rendered":"<p>El 21 de abril a las 15 hs conversaremos junto al Lic. Gast\u00f3n Onetto en Cit\u00e1.<\/p>\n","protected":false},"author":3,"featured_media":563,"comment_status":"closed","ping_status":"open","sticky":false,"template":"","format":"standard","meta":{"footnotes":""},"categories":[9,10,8],"tags":[],"class_list":["post-562","post","type-post","status-publish","format-standard","has-post-thumbnail","hentry","category-actividades","category-campana","category-conversatorios"],"_links":{"self":[{"href":"https:\/\/leswarmi.ar\/index.php\/wp-json\/wp\/v2\/posts\/562","targetHints":{"allow":["GET"]}}],"collection":[{"href":"https:\/\/leswarmi.ar\/index.php\/wp-json\/wp\/v2\/posts"}],"about":[{"href":"https:\/\/leswarmi.ar\/index.php\/wp-json\/wp\/v2\/types\/post"}],"author":[{"embeddable":true,"href":"https:\/\/leswarmi.ar\/index.php\/wp-json\/wp\/v2\/users\/3"}],"replies":[{"embeddable":true,"href":"https:\/\/leswarmi.ar\/index.php\/wp-json\/wp\/v2\/comments?post=562"}],"version-history":[{"count":1,"href":"https:\/\/leswarmi.ar\/index.php\/wp-json\/wp\/v2\/posts\/562\/revisions"}],"predecessor-version":[{"id":564,"href":"https:\/\/leswarmi.ar\/index.php\/wp-json\/wp\/v2\/posts\/562\/revisions\/564"}],"wp:featuredmedia":[{"embeddable":true,"href":"https:\/\/leswarmi.ar\/index.php\/wp-json\/wp\/v2\/media\/563"}],"wp:attachment":[{"href":"https:\/\/leswarmi.ar\/index.php\/wp-json\/wp\/v2\/media?parent=562"}],"wp:term":[{"taxonomy":"category","embeddable":true,"href":"https:\/\/leswarmi.ar\/index.php\/wp-json\/wp\/v2\/categories?post=562"},{"taxonomy":"post_tag","embeddable":true,"href":"https:\/\/leswarmi.ar\/index.php\/wp-json\/wp\/v2\/tags?post=562"}],"curies":[{"name":"wp","href":"https:\/\/api.w.org\/{rel}","templated":true}]}}