{"id":556,"date":"2025-03-16T09:18:07","date_gmt":"2025-03-16T12:18:07","guid":{"rendered":"https:\/\/leswarmi.ar\/?p=556"},"modified":"2025-04-12T18:15:37","modified_gmt":"2025-04-12T21:15:37","slug":"interculturalidad-estetica-y-practicas-artesanales-mujeres-feminismo-y-arte-popular","status":"publish","type":"post","link":"https:\/\/leswarmi.ar\/index.php\/2025\/03\/16\/interculturalidad-estetica-y-practicas-artesanales-mujeres-feminismo-y-arte-popular\/","title":{"rendered":"Interculturalidad est\u00e9tica."},"content":{"rendered":"\n<p>Recomendamos el siguiente libro. <\/p>\n\n\n\n<p>El arte popular, ese arte que crean principalmente las mujeres de todos los pueblos del planeta, ocupa este libro. Sin embargo, se ha hecho un deliberado corte geogr\u00e1fico, pues \u00fanicamente aparecen contemplados procesos art\u00edsticos de nuestra Am\u00e9rica. Existe, no cabe duda, un inter\u00e9s feminista detr\u00e1s de la labor de compilaci\u00f3n. Se trata de reconocer m\u00e1s a fondo ese quehacer art\u00edstico, qu\u00e9 crean las mujeres, c\u00f3mo lo hacen y qu\u00e9 significados resultan de ello.<\/p>\n\n\n\n<p>El arte popular, \u00e9se que elaboran, en su gran mayor\u00eda, las mujeres de todos los pueblos del planeta, es el que ocupa a este libro. Sin embargo, se ha hecho un recorte geogr\u00e1fico deliberado, se seleccion\u00f3 \u00fanicamente el de los pueblos de Am\u00e9rica Latina y el Caribe. Existe, no cabe duda, un inter\u00e9s feminista detr\u00e1s de la labor de compilaci\u00f3n de este libro. Se trata de conocer m\u00e1s, y m\u00e1s a fondo, ese quehacer art\u00edstico; qu\u00e9 crean las mujeres, c\u00f3mo lo hacen y qu\u00e9 significados afloran. En Am\u00e9rica hay una riqueza enorme en cuanto a lo que se refiere a creaciones de arte popular, en unas regiones m\u00e1s que en otras, pero se considera que no existe pa\u00eds en donde no se haga arte popular. Si bien se trata de obras com\u00fanmente elaboradas con t\u00e9cnicas e iconograf\u00edas de larga tradici\u00f3n, que tal vez incluso se hallan en proceso de extinci\u00f3n, todos los d\u00edas surgen nuevas expresiones por doquier. De ah\u00ed la importancia de contemplar, en la medida de lo posible, la estrecha relaci\u00f3n que se da entre tradici\u00f3n y modernidad. Es necesario prestar atenci\u00f3n tanto a las expresiones art\u00edsticas populares que tienen una larga historia, como a las que nacieron ayer, as\u00ed como observar las transformaciones que van sufriendo. En esa misma medida, se est\u00e1\u0301 gestando un proceso \u2013en distintas partes de la regi\u00f3n\u2013 en la relaci\u00f3n entre el dise\u00f1o y el artesanado, que mucho tiene que ver con el v\u00ednculo entre tradici\u00f3n y modernidad. Por ejemplo, tr\u00e1tese de textiles o de barro, se produce una relaci\u00f3n no siempre f\u00e1cil entre las personas adiestradas en el dise\u00f1o y las artesanas. Adem\u00e1s, existe el v\u00ednculo entre personas de distintas clases sociales, con diferentes nacionalidades a veces, o g\u00e9nero, por lo que se trata, en muchas ocasiones, de relaciones asim\u00e9tricas.<\/p>\n\n\n\n<p>El conjunto de textos de este libro conforma una aut\u00e9ntica polifon\u00eda que, por definici\u00f3n, es arm\u00f3nica y que entabla una especie de di\u00e1logo imaginario de m\u00faltiples voces semejantes y diferentes al mismo tiempo.<\/p>\n\n\n\n<p><a href=\"https:\/\/sentipensaresfem.files.wordpress.com\/2020\/06\/bartra-elvira-cc3a1rdenas-interculturalidad_estetica.pdf\">https:\/\/sentipensaresfem.files.wordpress.com\/2020\/06\/bartra-elvira-cc3a1rdenas-interculturalidad_estetica.pdf<\/a><\/p>\n\n\n\n<figure class=\"wp-block-image size-full\"><img loading=\"lazy\" decoding=\"async\" width=\"720\" height=\"810\" src=\"https:\/\/leswarmi.ar\/wp-content\/uploads\/2025\/03\/1742055476570.jpg\" alt=\"\" class=\"wp-image-557\" srcset=\"https:\/\/leswarmi.ar\/wp-content\/uploads\/2025\/03\/1742055476570.jpg 720w, https:\/\/leswarmi.ar\/wp-content\/uploads\/2025\/03\/1742055476570-267x300.jpg 267w\" sizes=\"auto, (max-width: 720px) 100vw, 720px\" \/><\/figure>\n","protected":false},"excerpt":{"rendered":"<p>prestar atenci\u00f3n tanto a las expresiones art\u00edsticas populares <\/p>\n","protected":false},"author":3,"featured_media":557,"comment_status":"closed","ping_status":"open","sticky":false,"template":"","format":"standard","meta":{"footnotes":""},"categories":[1],"tags":[],"class_list":["post-556","post","type-post","status-publish","format-standard","has-post-thumbnail","hentry","category-sin-categoria"],"_links":{"self":[{"href":"https:\/\/leswarmi.ar\/index.php\/wp-json\/wp\/v2\/posts\/556","targetHints":{"allow":["GET"]}}],"collection":[{"href":"https:\/\/leswarmi.ar\/index.php\/wp-json\/wp\/v2\/posts"}],"about":[{"href":"https:\/\/leswarmi.ar\/index.php\/wp-json\/wp\/v2\/types\/post"}],"author":[{"embeddable":true,"href":"https:\/\/leswarmi.ar\/index.php\/wp-json\/wp\/v2\/users\/3"}],"replies":[{"embeddable":true,"href":"https:\/\/leswarmi.ar\/index.php\/wp-json\/wp\/v2\/comments?post=556"}],"version-history":[{"count":2,"href":"https:\/\/leswarmi.ar\/index.php\/wp-json\/wp\/v2\/posts\/556\/revisions"}],"predecessor-version":[{"id":561,"href":"https:\/\/leswarmi.ar\/index.php\/wp-json\/wp\/v2\/posts\/556\/revisions\/561"}],"wp:featuredmedia":[{"embeddable":true,"href":"https:\/\/leswarmi.ar\/index.php\/wp-json\/wp\/v2\/media\/557"}],"wp:attachment":[{"href":"https:\/\/leswarmi.ar\/index.php\/wp-json\/wp\/v2\/media?parent=556"}],"wp:term":[{"taxonomy":"category","embeddable":true,"href":"https:\/\/leswarmi.ar\/index.php\/wp-json\/wp\/v2\/categories?post=556"},{"taxonomy":"post_tag","embeddable":true,"href":"https:\/\/leswarmi.ar\/index.php\/wp-json\/wp\/v2\/tags?post=556"}],"curies":[{"name":"wp","href":"https:\/\/api.w.org\/{rel}","templated":true}]}}