{"id":547,"date":"2025-03-10T16:35:36","date_gmt":"2025-03-10T19:35:36","guid":{"rendered":"https:\/\/leswarmi.ar\/?p=547"},"modified":"2025-04-12T18:15:51","modified_gmt":"2025-04-12T21:15:51","slug":"foro-de-mujeres-liderezas-en-el-marco-del-8m","status":"publish","type":"post","link":"https:\/\/leswarmi.ar\/index.php\/2025\/03\/10\/foro-de-mujeres-liderezas-en-el-marco-del-8m\/","title":{"rendered":"Foro de mujeres liderezas en el marco del 8M."},"content":{"rendered":"\n<p>En conmemoraci\u00f3n del D\u00eda Internacional de la Mujer, nuestra presidenta, Mariela Tschannen, particip\u00f3 de la reuni\u00f3n en la Honorable C\u00e1mara en la que fueron reconocidas destacadas mujeres. Las liderezas participaron de un foro inspirador que celebr\u00f3 su empoderamiento, liderazgo y contribuci\u00f3n a nuestra sociedad. Juntas, compartieron sus experiencias, desaf\u00edos y logros, demostrando que la igualdad de g\u00e9nero es fundamental para construir un futuro m\u00e1s justo y pr\u00f3spero para todas y todos.<\/p>\n\n\n\n<p>Asimismo la legisladora Sandra Figueroa recibi\u00f3 el Premio La Gaviota de Plata.&nbsp;<\/p>\n\n\n\n<p>Queremos tambi\u00e9n felicitar especialmente a Miriam M. Lera por recibir una bandeja de parte de esta c\u00e1mara junto a la resoluci\u00f3n por ser finalista del Premio &#8220;Docentes que Inspiran&#8221;. <\/p>\n\n\n\n<p>Las mujeres reconocidas fueron:&nbsp;<\/p>\n\n\n\n<p>\ud835\udc6b\ud835\udc93\ud835\udc82. \ud835\udc74\ud835\udc82\ud835\udc93\ud835\udc8a\ud835\udc86\ud835\udc8d\ud835\udc82 \ud835\udc7b\ud835\udc94\ud835\udc84\ud835\udc89\ud835\udc82\ud835\udc8f\ud835\udc8f\ud835\udc86\ud835\udc8f: Abogada presidenta de la Fundaci\u00f3n LES WARMI<\/p>\n\n\n\n<p>\ud835\udc73\ud835\udc8a\ud835\udc84. \ud835\udc74\ud835\udc82\ud835\udc93\ud835\udc88\ud835\udc82\ud835\udc93\ud835\udc8a\ud835\udc95\ud835\udc82 \ud835\udc85\ud835\udc86\ud835\udc8d \ud835\udc7d\ud835\udc82\ud835\udc8d\ud835\udc8d\ud835\udc86 A\ud835\udc97\ud835\udc8a\ud835\udc8d\ud835\udc82: presidenta del Foro de Mujeres del Mercosur y Derechos Humanos.<\/p>\n\n\n\n<p>\ud835\udc79\ud835\udc90\ud835\udc94\ud835\udc82\ud835\udc8f\ud835\udc82 \ud835\udc6a\ud835\udc82\ud835\udc93\ud835\udc8a\ud835\udc8f\ud835\udc82 \ud835\udc6e\ud835\udc82\ud835\udc8d\ud835\udc8d\ud835\udc82\ud835\udc93\ud835\udc85\ud835\udc90: presidenta de Fundaci\u00f3n Mujeres Sororas 360 G\u00e9nero y Diversidad.<\/p>\n\n\n\n<p>\ud835\udc73\ud835\udc8a\ud835\udc84. \ud835\udc6b\ud835\udc8a\ud835\udc82\ud835\udc9b \ud835\udc77\ud835\udc90\ud835\udc8f\ud835\udc84\ud835\udc86 \ud835\udc69\ud835\udc86\ud835\udc93\ud835\udc95\ud835\udc82 \ud835\udc7a\ud835\udc8a\ud835\udc8d\ud835\udc97\ud835\udc82\ud835\udc8f\ud835\udc82: Psic\u00f3loga perteneciente a la Direcci\u00f3n de Trata de Personas y Violencia de G\u00e9nero de la Polic\u00eda de Tucum\u00e1n<\/p>\n\n\n\n<p>\ud835\udc74\u00f3\ud835\udc8f\ud835\udc8a\ud835\udc84\ud835\udc82 \ud835\udc72\ud835\udc82\ud835\udc93\ud835\udc8a\ud835\udc8f\ud835\udc82 \ud835\udc69\ud835\udc82\ud835\udc93\ud835\udc93\ud835\udc8a\ud835\udc90\ud835\udc8f\ud835\udc96\ud835\udc86\ud835\udc97\ud835\udc90: Profesora de biolog\u00eda y geograf\u00eda, actualmente directora de la Escuela Secundaria de Barracas. Perteneciente al Grupo ol\u00edmpico de personas trasplantadas<\/p>\n\n\n\n<p>\ud835\udc74\ud835\udc82\ud835\udc93\u00ed\ud835\udc82 \ud835\udc7d\ud835\udc82\ud835\udc8d\ud835\udc86\ud835\udc93\ud835\udc8a\ud835\udc82 \ud835\udc7a\ud835\udc82\ud835\udc93\ud835\udc85\ud835\udc8a: Profesora de Lengua y Literatura. Escritora de Poes\u00eda, cuentos, leyendas y cr\u00f3nicas. . Integrante del plantel de ADETRA (Asociaci\u00f3n de Deportistas Trasplantados de la Rep\u00fablica Argentina), en la categor\u00eda Nataci\u00f3n representando a nuestra provincia.<\/p>\n\n\n\n<p>\ud835\udc73\ud835\udc8a\ud835\udc84. \ud835\udc74\ud835\udc82\ud835\udc93\ud835\udc8a\ud835\udc86\ud835\udc8d\ud835\udc82 \ud835\udc68\ud835\udc8d\ud835\udc86\ud835\udc8b\ud835\udc82\ud835\udc8f\ud835\udc85\ud835\udc93\ud835\udc82 \ud835\udc6e\ud835\udc90\ud835\udc8f\ud835\udc9b\u00e1\ud835\udc8d\ud835\udc86\ud835\udc9b \ud835\udc6e\ud835\udc82\ud835\udc83\ud835\udc93\ud835\udc8a\ud835\udc90\ud835\udc8d\ud835\udc90: Licenciada en Administraci\u00f3n y Gesti\u00f3n Educativa. Licenciada en Fonoaudiolog\u00eda. Especialista en Responsabilidad Social y en Relaciones P\u00fablicas<\/p>\n\n\n\n<p>\ud835\udc73\ud835\udc8a\ud835\udc84. \ud835\udc73\ud835\udc96\ud835\udc8a\ud835\udc94\ud835\udc82 \ud835\udc70\ud835\udc94\ud835\udc82\ud835\udc83\ud835\udc86\ud835\udc8d \ud835\udc74\ud835\udc86\ud835\udc85\ud835\udc8a\ud835\udc8f\ud835\udc82: presidenta del Colegio de Graduados en Psicopedagog\u00eda de Tucum\u00e1n<\/p>\n\n\n\n<p>\ud835\udc77\ud835\udc93\ud835\udc90\ud835\udc87. \ud835\udc74\ud835\udc82\ud835\udc93\u00ed\ud835\udc82 \ud835\udc6d\ud835\udc86\ud835\udc93\ud835\udc8f\ud835\udc82\ud835\udc8f\ud835\udc85\ud835\udc82 \ud835\udc6e\u00f3\ud835\udc8e\ud835\udc86\ud835\udc9b: directora de la Modalidad de J\u00f3venes y Adultos de Educaci\u00f3n formal y no formal de Cejas, Graneros.<\/p>\n\n\n\n<p>\ud835\udc73\ud835\udc8a\ud835\udc84. \ud835\udc75\ud835\udc8a\ud835\udc8d\ud835\udc85\ud835\udc82 \ud835\udc85\ud835\udc86\ud835\udc8d \ud835\udc7b\ud835\udc93\ud835\udc82\ud835\udc8f\ud835\udc94\ud835\udc8a\ud835\udc95\ud835\udc90 \ud835\udc79\ud835\udc96\ud835\udc8a\ud835\udc96: Licenciada en Trabajo Social. Actualmente se encuentra trabajando en el Servicio de Asistencia Social Escolar (SASE)<\/p>\n\n\n\n<p>\ud835\udc6b\ud835\udc93\ud835\udc82. \ud835\udc6d\ud835\udc8d\ud835\udc90\ud835\udc93\ud835\udc86\ud835\udc8f\ud835\udc84\ud835\udc8a\ud835\udc82 \ud835\udc7a\ud835\udc82\ud835\udc9a\ud835\udc82\ud835\udc88\ud835\udc90: Abogada especialista en Administraci\u00f3n P\u00fablica, cambio clim\u00e1tico y en mercados de carbono.<\/p>\n\n\n\n<p>\ud835\udc77\ud835\udc93\ud835\udc90\ud835\udc87. \ud835\udc74\ud835\udc8a\ud835\udc93\ud835\udc8a\ud835\udc82\ud835\udc8e \ud835\udc73\ud835\udc86\ud835\udc93\ud835\udc82: Distinguida profesora con 28 a\u00f1os de trayectoria docente en los valles. Fue seleccionada una de las seis finalistas del destacado premio \u201cDocentes que inspiran\u201d,<\/p>\n\n\n\n<p>\ud835\udc68\ud835\udc8d\ud835\udc86\ud835\udc99\ud835\udc82\ud835\udc8f\ud835\udc85\ud835\udc93\ud835\udc82 \ud835\udc85\ud835\udc86 \ud835\udc77\ud835\udc82\ud835\udc94\ud835\udc84\ud835\udc96\ud835\udc82: directora del Premio Nacional e Internacional \u201cGaviota de Plata\u201d<\/p>\n\n\n\n<p>\ud835\udc74\ud835\udc82\ud835\udc93\u00ed\ud835\udc82 \ud835\udc6c\ud835\udc97\ud835\udc82 \ud835\udc77\ud835\udc82\ud835\udc94\ud835\udc95\ud835\udc93\ud835\udc82\ud835\udc8f\ud835\udc82 \ud835\udc85\ud835\udc86 \ud835\udc68\ud835\udc93\ud835\udc93\ud835\udc86\ud835\udc88\ud835\udc96\ud835\udc86\ud835\udc9b: Pachamama electa en la 77 edici\u00f3n de La Fiesta Nacional de La Pachamama.<\/p>\n\n\n\n<figure class=\"wp-block-gallery has-nested-images columns-default is-cropped wp-block-gallery-1 is-layout-flex wp-block-gallery-is-layout-flex\">\n<figure class=\"wp-block-image size-large\"><img loading=\"lazy\" decoding=\"async\" width=\"768\" height=\"1024\" data-id=\"548\" src=\"https:\/\/leswarmi.ar\/wp-content\/uploads\/2025\/03\/IMG-20250310-WA0095-768x1024.jpg\" alt=\"\" class=\"wp-image-548\" srcset=\"https:\/\/leswarmi.ar\/wp-content\/uploads\/2025\/03\/IMG-20250310-WA0095-768x1024.jpg 768w, https:\/\/leswarmi.ar\/wp-content\/uploads\/2025\/03\/IMG-20250310-WA0095-225x300.jpg 225w, https:\/\/leswarmi.ar\/wp-content\/uploads\/2025\/03\/IMG-20250310-WA0095.jpg 864w\" sizes=\"auto, (max-width: 768px) 100vw, 768px\" \/><\/figure>\n\n\n\n<figure class=\"wp-block-image size-large\"><img loading=\"lazy\" decoding=\"async\" width=\"768\" height=\"1024\" data-id=\"549\" src=\"https:\/\/leswarmi.ar\/wp-content\/uploads\/2025\/03\/IMG-20250310-WA0075-768x1024.jpg\" alt=\"\" class=\"wp-image-549\" srcset=\"https:\/\/leswarmi.ar\/wp-content\/uploads\/2025\/03\/IMG-20250310-WA0075-768x1024.jpg 768w, https:\/\/leswarmi.ar\/wp-content\/uploads\/2025\/03\/IMG-20250310-WA0075-225x300.jpg 225w, https:\/\/leswarmi.ar\/wp-content\/uploads\/2025\/03\/IMG-20250310-WA0075.jpg 864w\" sizes=\"auto, (max-width: 768px) 100vw, 768px\" \/><\/figure>\n\n\n\n<figure class=\"wp-block-image size-large\"><img loading=\"lazy\" decoding=\"async\" width=\"768\" height=\"1024\" data-id=\"550\" src=\"https:\/\/leswarmi.ar\/wp-content\/uploads\/2025\/03\/IMG-20250310-WA0083-768x1024.jpg\" alt=\"\" class=\"wp-image-550\" srcset=\"https:\/\/leswarmi.ar\/wp-content\/uploads\/2025\/03\/IMG-20250310-WA0083-768x1024.jpg 768w, https:\/\/leswarmi.ar\/wp-content\/uploads\/2025\/03\/IMG-20250310-WA0083-225x300.jpg 225w, https:\/\/leswarmi.ar\/wp-content\/uploads\/2025\/03\/IMG-20250310-WA0083.jpg 864w\" sizes=\"auto, (max-width: 768px) 100vw, 768px\" \/><\/figure>\n\n\n\n<figure class=\"wp-block-image size-large\"><img loading=\"lazy\" decoding=\"async\" width=\"720\" height=\"977\" data-id=\"551\" src=\"https:\/\/leswarmi.ar\/wp-content\/uploads\/2025\/03\/FB_IMG_1741800086853.jpg\" alt=\"\" class=\"wp-image-551\" srcset=\"https:\/\/leswarmi.ar\/wp-content\/uploads\/2025\/03\/FB_IMG_1741800086853.jpg 720w, https:\/\/leswarmi.ar\/wp-content\/uploads\/2025\/03\/FB_IMG_1741800086853-221x300.jpg 221w\" sizes=\"auto, (max-width: 720px) 100vw, 720px\" \/><\/figure>\n\n\n\n<figure class=\"wp-block-image size-large\"><img loading=\"lazy\" decoding=\"async\" width=\"720\" height=\"977\" data-id=\"552\" src=\"https:\/\/leswarmi.ar\/wp-content\/uploads\/2025\/03\/FB_IMG_1741800099507.jpg\" alt=\"\" class=\"wp-image-552\" srcset=\"https:\/\/leswarmi.ar\/wp-content\/uploads\/2025\/03\/FB_IMG_1741800099507.jpg 720w, https:\/\/leswarmi.ar\/wp-content\/uploads\/2025\/03\/FB_IMG_1741800099507-221x300.jpg 221w\" sizes=\"auto, (max-width: 720px) 100vw, 720px\" \/><\/figure>\n\n\n\n<figure class=\"wp-block-image size-large\"><img loading=\"lazy\" decoding=\"async\" width=\"1024\" height=\"768\" data-id=\"553\" src=\"https:\/\/leswarmi.ar\/wp-content\/uploads\/2025\/03\/IMG-20250310-WA0093-1024x768.jpg\" alt=\"\" class=\"wp-image-553\" srcset=\"https:\/\/leswarmi.ar\/wp-content\/uploads\/2025\/03\/IMG-20250310-WA0093-1024x768.jpg 1024w, https:\/\/leswarmi.ar\/wp-content\/uploads\/2025\/03\/IMG-20250310-WA0093-300x225.jpg 300w, https:\/\/leswarmi.ar\/wp-content\/uploads\/2025\/03\/IMG-20250310-WA0093-768x576.jpg 768w, https:\/\/leswarmi.ar\/wp-content\/uploads\/2025\/03\/IMG-20250310-WA0093.jpg 1152w\" sizes=\"auto, (max-width: 1024px) 100vw, 1024px\" \/><\/figure>\n<\/figure>\n","protected":false},"excerpt":{"rendered":"<p>reconocimiento a referentes en el Dia Internacional de las Mujeres. <\/p>\n","protected":false},"author":3,"featured_media":553,"comment_status":"closed","ping_status":"open","sticky":false,"template":"","format":"standard","meta":{"footnotes":""},"categories":[9,7],"tags":[],"class_list":["post-547","post","type-post","status-publish","format-standard","has-post-thumbnail","hentry","category-actividades","category-institucional"],"_links":{"self":[{"href":"https:\/\/leswarmi.ar\/index.php\/wp-json\/wp\/v2\/posts\/547","targetHints":{"allow":["GET"]}}],"collection":[{"href":"https:\/\/leswarmi.ar\/index.php\/wp-json\/wp\/v2\/posts"}],"about":[{"href":"https:\/\/leswarmi.ar\/index.php\/wp-json\/wp\/v2\/types\/post"}],"author":[{"embeddable":true,"href":"https:\/\/leswarmi.ar\/index.php\/wp-json\/wp\/v2\/users\/3"}],"replies":[{"embeddable":true,"href":"https:\/\/leswarmi.ar\/index.php\/wp-json\/wp\/v2\/comments?post=547"}],"version-history":[{"count":2,"href":"https:\/\/leswarmi.ar\/index.php\/wp-json\/wp\/v2\/posts\/547\/revisions"}],"predecessor-version":[{"id":555,"href":"https:\/\/leswarmi.ar\/index.php\/wp-json\/wp\/v2\/posts\/547\/revisions\/555"}],"wp:featuredmedia":[{"embeddable":true,"href":"https:\/\/leswarmi.ar\/index.php\/wp-json\/wp\/v2\/media\/553"}],"wp:attachment":[{"href":"https:\/\/leswarmi.ar\/index.php\/wp-json\/wp\/v2\/media?parent=547"}],"wp:term":[{"taxonomy":"category","embeddable":true,"href":"https:\/\/leswarmi.ar\/index.php\/wp-json\/wp\/v2\/categories?post=547"},{"taxonomy":"post_tag","embeddable":true,"href":"https:\/\/leswarmi.ar\/index.php\/wp-json\/wp\/v2\/tags?post=547"}],"curies":[{"name":"wp","href":"https:\/\/api.w.org\/{rel}","templated":true}]}}