{"id":544,"date":"2025-03-08T10:43:36","date_gmt":"2025-03-08T13:43:36","guid":{"rendered":"https:\/\/leswarmi.ar\/?p=544"},"modified":"2025-03-12T10:45:56","modified_gmt":"2025-03-12T13:45:56","slug":"8m-dia-de-conmemoracion","status":"publish","type":"post","link":"https:\/\/leswarmi.ar\/index.php\/2025\/03\/08\/8m-dia-de-conmemoracion\/","title":{"rendered":"8M: D\u00eda de conmemoraci\u00f3n"},"content":{"rendered":"\n<p>8M: D\u00eda de conmemoraci\u00f3n, de lucha y reivindicaci\u00f3n de los derechos de las mujeres y a favor de la igualdad, la equidad y la paridad.<\/p>\n\n\n\n<p>8M: A 168 a\u00f1os de la huelga general de las mujeres trabajadoras en New York, cuando 129 obreras textiles de la f\u00e1brica Cotton, murieron en un incendio mientras se manifestaban en contra de la extensa jornada laboral, los bajos salarios, las precarias condiciones de trabajo.<\/p>\n\n\n\n<p>El 8 de marzo de 1911 m\u00e1s de 15.000 mujeres vuelven a tomarse las calles <a><\/a>de Nueva York con el lema \u00abPan y Rosas\u00bb. Exig\u00edan derecho a voto, prohibir el trabajo infantil y reducci\u00f3n de la jornada laboral. Entre su petitorio se encontraba el mejoramiento de las condiciones laborales, como por ejemplo, el que no se les encerrara en los edificios donde trabajaban.<\/p>\n\n\n\n<p>El 25 de marzo, de este mismo a\u00f1o, 146 mujeres trabajadoras fallecieron a ra\u00edz de un incendio que se produjo en las instalaciones de la Industria Triangle. Estas mujeres murieron debido a que no pudieron escapar por encontrarse encerradas en su lugar de trabajo. La mayor de las fenecidas ten\u00eda 43 a\u00f1os y la menor, 14. Adem\u00e1s fueron numerosas tambi\u00e9n las mujeres que resultaron lesionadas a ra\u00edz del incidente.<\/p>\n\n\n\n<p>El 8 de marzo, D\u00eda Internacional de la Mujer, fue establecido por la Asamblea General de la Organizaci\u00f3n de las Naciones Unidas (ONU) en 1977, en recordaci\u00f3n al 8 de marzo de 1857.<\/p>\n\n\n\n<p><a href=\"https:\/\/www.facebook.com\/photo\/?fbid=1052425853589893&amp;set=a.467285565437261&amp;__cft__[0]=AZVHshtKTa4CC9uECOsUvKhFYvFX5WclDLFeELehUCsWm8Ny9otEtxJaIHJ-9FQH_OKHxmNGfQIIM-5-ZlHaE1GtwngjxlfwQIAy0BDA1LYEZ9ItBwL2dGGKGAHCAOxKWWZkPsAubSbgQHLUk3re7xmmH4FXHslBR4BIZMqWSNGfHOUd3UqRDCrSjAns5tu2jjA&amp;__tn__=EH-R\"><\/a><\/p>\n\n\n\n<figure class=\"wp-block-image size-full\"><img loading=\"lazy\" decoding=\"async\" width=\"497\" height=\"640\" src=\"https:\/\/leswarmi.ar\/wp-content\/uploads\/2025\/03\/8m.jpg\" alt=\"\" class=\"wp-image-545\" srcset=\"https:\/\/leswarmi.ar\/wp-content\/uploads\/2025\/03\/8m.jpg 497w, https:\/\/leswarmi.ar\/wp-content\/uploads\/2025\/03\/8m-233x300.jpg 233w\" sizes=\"auto, (max-width: 497px) 100vw, 497px\" \/><\/figure>\n","protected":false},"excerpt":{"rendered":"<p>de lucha y reivindicaci\u00f3n de los derechos de las mujeres y a favor de la igualdad, la equidad y la paridad.<\/p>\n","protected":false},"author":3,"featured_media":545,"comment_status":"closed","ping_status":"open","sticky":false,"template":"","format":"standard","meta":{"footnotes":""},"categories":[6],"tags":[],"class_list":["post-544","post","type-post","status-publish","format-standard","has-post-thumbnail","hentry","category-acceso-a-derechos"],"_links":{"self":[{"href":"https:\/\/leswarmi.ar\/index.php\/wp-json\/wp\/v2\/posts\/544","targetHints":{"allow":["GET"]}}],"collection":[{"href":"https:\/\/leswarmi.ar\/index.php\/wp-json\/wp\/v2\/posts"}],"about":[{"href":"https:\/\/leswarmi.ar\/index.php\/wp-json\/wp\/v2\/types\/post"}],"author":[{"embeddable":true,"href":"https:\/\/leswarmi.ar\/index.php\/wp-json\/wp\/v2\/users\/3"}],"replies":[{"embeddable":true,"href":"https:\/\/leswarmi.ar\/index.php\/wp-json\/wp\/v2\/comments?post=544"}],"version-history":[{"count":1,"href":"https:\/\/leswarmi.ar\/index.php\/wp-json\/wp\/v2\/posts\/544\/revisions"}],"predecessor-version":[{"id":546,"href":"https:\/\/leswarmi.ar\/index.php\/wp-json\/wp\/v2\/posts\/544\/revisions\/546"}],"wp:featuredmedia":[{"embeddable":true,"href":"https:\/\/leswarmi.ar\/index.php\/wp-json\/wp\/v2\/media\/545"}],"wp:attachment":[{"href":"https:\/\/leswarmi.ar\/index.php\/wp-json\/wp\/v2\/media?parent=544"}],"wp:term":[{"taxonomy":"category","embeddable":true,"href":"https:\/\/leswarmi.ar\/index.php\/wp-json\/wp\/v2\/categories?post=544"},{"taxonomy":"post_tag","embeddable":true,"href":"https:\/\/leswarmi.ar\/index.php\/wp-json\/wp\/v2\/tags?post=544"}],"curies":[{"name":"wp","href":"https:\/\/api.w.org\/{rel}","templated":true}]}}