{"id":445,"date":"2024-10-14T09:51:12","date_gmt":"2024-10-14T12:51:12","guid":{"rendered":"https:\/\/leswarmi.ar\/?p=445"},"modified":"2025-03-12T10:36:21","modified_gmt":"2025-03-12T13:36:21","slug":"autocuidado-en-contextos-antiderechos","status":"publish","type":"post","link":"https:\/\/leswarmi.ar\/index.php\/2024\/10\/14\/autocuidado-en-contextos-antiderechos\/","title":{"rendered":"Autocuidado en contextos antiderechos."},"content":{"rendered":"\n<p>El martes 22 de octubre a las 19:30 hs tendremos una charla con la licenciada en Pol\u00edtica Social, Marcela Herrera, sobre &#8220;Autocuidado y estrategias para actuar ante intervenciones o ataques de sectores antiderechos&#8221;.<\/p>\n\n\n\n<p>El conversatorio busca crear un espacio colectivo de reflexi\u00f3n y para compartir estrategias y conocimientos para hacer frente a la cotidianeidad en contextos antiderechos como el que estamos viviendo.<\/p>\n\n\n\n<p>Marcela es licenciada en Pol\u00edtica Social y particip\u00f3 de proyectos de investigaci\u00f3n y acci\u00f3n para incluir a poblaciones vulnerabilizadas.<\/p>\n\n\n\n<p>Para participar, tenes que registrarte en el formulario web. El encuentro es por Meet! <\/p>\n\n\n\n<figure class=\"wp-block-image size-large\"><img loading=\"lazy\" decoding=\"async\" width=\"1024\" height=\"1024\" src=\"https:\/\/leswarmi.ar\/wp-content\/uploads\/2024\/10\/charla-octubre-2-1024x1024.png\" alt=\"\" class=\"wp-image-539\" srcset=\"https:\/\/leswarmi.ar\/wp-content\/uploads\/2024\/10\/charla-octubre-2-1024x1024.png 1024w, https:\/\/leswarmi.ar\/wp-content\/uploads\/2024\/10\/charla-octubre-2-300x300.png 300w, https:\/\/leswarmi.ar\/wp-content\/uploads\/2024\/10\/charla-octubre-2-150x150.png 150w, https:\/\/leswarmi.ar\/wp-content\/uploads\/2024\/10\/charla-octubre-2-768x768.png 768w, https:\/\/leswarmi.ar\/wp-content\/uploads\/2024\/10\/charla-octubre-2.png 1080w\" sizes=\"auto, (max-width: 1024px) 100vw, 1024px\" \/><\/figure>\n","protected":false},"excerpt":{"rendered":"<p>un espacio colectivo de reflexi\u00f3n y para compartir estrategias y conocimientos.<\/p>\n","protected":false},"author":3,"featured_media":447,"comment_status":"closed","ping_status":"open","sticky":false,"template":"","format":"standard","meta":{"footnotes":""},"categories":[8],"tags":[],"class_list":["post-445","post","type-post","status-publish","format-standard","has-post-thumbnail","hentry","category-conversatorios"],"_links":{"self":[{"href":"https:\/\/leswarmi.ar\/index.php\/wp-json\/wp\/v2\/posts\/445","targetHints":{"allow":["GET"]}}],"collection":[{"href":"https:\/\/leswarmi.ar\/index.php\/wp-json\/wp\/v2\/posts"}],"about":[{"href":"https:\/\/leswarmi.ar\/index.php\/wp-json\/wp\/v2\/types\/post"}],"author":[{"embeddable":true,"href":"https:\/\/leswarmi.ar\/index.php\/wp-json\/wp\/v2\/users\/3"}],"replies":[{"embeddable":true,"href":"https:\/\/leswarmi.ar\/index.php\/wp-json\/wp\/v2\/comments?post=445"}],"version-history":[{"count":3,"href":"https:\/\/leswarmi.ar\/index.php\/wp-json\/wp\/v2\/posts\/445\/revisions"}],"predecessor-version":[{"id":540,"href":"https:\/\/leswarmi.ar\/index.php\/wp-json\/wp\/v2\/posts\/445\/revisions\/540"}],"wp:featuredmedia":[{"embeddable":true,"href":"https:\/\/leswarmi.ar\/index.php\/wp-json\/wp\/v2\/media\/447"}],"wp:attachment":[{"href":"https:\/\/leswarmi.ar\/index.php\/wp-json\/wp\/v2\/media?parent=445"}],"wp:term":[{"taxonomy":"category","embeddable":true,"href":"https:\/\/leswarmi.ar\/index.php\/wp-json\/wp\/v2\/categories?post=445"},{"taxonomy":"post_tag","embeddable":true,"href":"https:\/\/leswarmi.ar\/index.php\/wp-json\/wp\/v2\/tags?post=445"}],"curies":[{"name":"wp","href":"https:\/\/api.w.org\/{rel}","templated":true}]}}