{"id":394,"date":"2024-08-10T18:28:36","date_gmt":"2024-08-10T21:28:36","guid":{"rendered":"https:\/\/leswarmi.ar\/?p=394"},"modified":"2025-11-29T17:03:45","modified_gmt":"2025-11-29T20:03:45","slug":"cuidarnos-de-que","status":"publish","type":"post","link":"https:\/\/leswarmi.ar\/index.php\/2024\/08\/10\/cuidarnos-de-que\/","title":{"rendered":"Cuidarnos,&#8230;\u00bfde qu\u00e9?"},"content":{"rendered":"\n<p>En el marco del ciclo de talleres y conversatorios sobre autocuidados y estrategias en contextos antiderechos, el mi\u00e9rcoles 14 de agosto a las 20 hs tendremos el encuentro por Meet con Silvina Saez, para explorar las redes y responder a la pregunta \u00bfcuidarnos de qu\u00e9?.<\/p>\n\n\n\n<p>Silvina Saez es militante lesbiana transfeminista y desarrolla actividades vinculadas a la exploraci\u00f3n de las nuevas tecnolog\u00edas desde una perspectiva de g\u00e9nero.<\/p>\n\n\n\n<p>En este encuentro dialogaremos sobre los peligros y amenazas que podemos encontrar en las redes sociales, en las p\u00e1ginas web y qu\u00e9 tener en cuenta para no ser v\u00edctimas de estafas virtuales o situaciones de violencia. <\/p>\n\n\n\n<p>Para participar podes inscribirte en el siguiente <a href=\"https:\/\/docs.google.com\/forms\/d\/e\/1FAIpQLScYia-9-9YKKgRgAgrk8Z1X9ObWNSwDGTJ_fxUVcloLkjhHyA\/viewform\" target=\"_blank\" rel=\"noreferrer noopener nofollow\">Formulario de inscripci\u00f3n<\/a>.  <\/p>\n\n\n\n<figure class=\"wp-block-image size-large\"><img loading=\"lazy\" decoding=\"async\" width=\"1024\" height=\"936\" src=\"https:\/\/leswarmi.ar\/wp-content\/uploads\/2024\/08\/borrador-flyer1-1024x936.png\" alt=\"\" class=\"wp-image-535\" srcset=\"https:\/\/leswarmi.ar\/wp-content\/uploads\/2024\/08\/borrador-flyer1-1024x936.png 1024w, https:\/\/leswarmi.ar\/wp-content\/uploads\/2024\/08\/borrador-flyer1-300x274.png 300w, https:\/\/leswarmi.ar\/wp-content\/uploads\/2024\/08\/borrador-flyer1-768x702.png 768w, https:\/\/leswarmi.ar\/wp-content\/uploads\/2024\/08\/borrador-flyer1.png 1414w\" sizes=\"auto, (max-width: 1024px) 100vw, 1024px\" \/><\/figure>\n","protected":false},"excerpt":{"rendered":"<p>dialogaremos sobre qu\u00e9 tener en cuenta para no ser v\u00edctimas de violencias virtuales. <\/p>\n","protected":false},"author":3,"featured_media":396,"comment_status":"closed","ping_status":"open","sticky":false,"template":"","format":"standard","meta":{"footnotes":""},"categories":[9,8,4],"tags":[],"class_list":["post-394","post","type-post","status-publish","format-standard","has-post-thumbnail","hentry","category-actividades","category-conversatorios","category-personas-mayores-lbtiq"],"_links":{"self":[{"href":"https:\/\/leswarmi.ar\/index.php\/wp-json\/wp\/v2\/posts\/394","targetHints":{"allow":["GET"]}}],"collection":[{"href":"https:\/\/leswarmi.ar\/index.php\/wp-json\/wp\/v2\/posts"}],"about":[{"href":"https:\/\/leswarmi.ar\/index.php\/wp-json\/wp\/v2\/types\/post"}],"author":[{"embeddable":true,"href":"https:\/\/leswarmi.ar\/index.php\/wp-json\/wp\/v2\/users\/3"}],"replies":[{"embeddable":true,"href":"https:\/\/leswarmi.ar\/index.php\/wp-json\/wp\/v2\/comments?post=394"}],"version-history":[{"count":2,"href":"https:\/\/leswarmi.ar\/index.php\/wp-json\/wp\/v2\/posts\/394\/revisions"}],"predecessor-version":[{"id":536,"href":"https:\/\/leswarmi.ar\/index.php\/wp-json\/wp\/v2\/posts\/394\/revisions\/536"}],"wp:featuredmedia":[{"embeddable":true,"href":"https:\/\/leswarmi.ar\/index.php\/wp-json\/wp\/v2\/media\/396"}],"wp:attachment":[{"href":"https:\/\/leswarmi.ar\/index.php\/wp-json\/wp\/v2\/media?parent=394"}],"wp:term":[{"taxonomy":"category","embeddable":true,"href":"https:\/\/leswarmi.ar\/index.php\/wp-json\/wp\/v2\/categories?post=394"},{"taxonomy":"post_tag","embeddable":true,"href":"https:\/\/leswarmi.ar\/index.php\/wp-json\/wp\/v2\/tags?post=394"}],"curies":[{"name":"wp","href":"https:\/\/api.w.org\/{rel}","templated":true}]}}