{"id":375,"date":"2024-07-09T15:11:41","date_gmt":"2024-07-09T18:11:41","guid":{"rendered":"https:\/\/leswarmi.ar\/?p=375"},"modified":"2024-07-09T15:11:41","modified_gmt":"2024-07-09T18:11:41","slug":"mujeres-y-la-independencia","status":"publish","type":"post","link":"https:\/\/leswarmi.ar\/index.php\/2024\/07\/09\/mujeres-y-la-independencia\/","title":{"rendered":"Mujeres y la Independencia."},"content":{"rendered":"\n<p>En la conmemoraci\u00f3n de los 208 a\u00f1os de nuestra independencia queremos recordar y homenajear el lugar que tuvieron Manuela Pedraza, Juana Azurduy, Macacha G\u00fcemes, Mar\u00eda Remedios del Valle, Mariquita S\u00e1nchez de Thompson, Flora Azcu\u00e9naga o Remedios de Escalada, que tuvieron un compromiso con la causa revolucionaria y participaron activamente en el frente de batalla o en las logias pol\u00edticas de ese momento, como la sociedad patri\u00f3tica. Las mujeres hemos tenido un rol importante en la gesta emancipadora latinoamericana y en un d\u00eda como hoy queremos expresar nuestro reconocimiento.<\/p>\n\n\n\n<p>En estos tiempos en los cuales la actual gesti\u00f3n nacional invisibiliza a mujeres y diversidades, exponi\u00e9ndonos a una vida sin la protecci\u00f3n y acompa\u00f1amiento del Estado queremos recordar que las mujeres (j\u00f3venes, mayores, mestizas, afro, criollas, soltera,s casadas, viudas, etc) y diversidades tambi\u00e9n fuimos parte de la gesta que independiz\u00f3 Argentina. <\/p>\n\n\n\n<figure class=\"wp-block-image size-large\"><img loading=\"lazy\" decoding=\"async\" width=\"1024\" height=\"1024\" src=\"https:\/\/leswarmi.ar\/wp-content\/uploads\/2024\/07\/independencia-leswarmi-1024x1024.png\" alt=\"\" class=\"wp-image-376\" srcset=\"https:\/\/leswarmi.ar\/wp-content\/uploads\/2024\/07\/independencia-leswarmi-1024x1024.png 1024w, https:\/\/leswarmi.ar\/wp-content\/uploads\/2024\/07\/independencia-leswarmi-300x300.png 300w, https:\/\/leswarmi.ar\/wp-content\/uploads\/2024\/07\/independencia-leswarmi-150x150.png 150w, https:\/\/leswarmi.ar\/wp-content\/uploads\/2024\/07\/independencia-leswarmi-768x768.png 768w, https:\/\/leswarmi.ar\/wp-content\/uploads\/2024\/07\/independencia-leswarmi.png 1080w\" sizes=\"auto, (max-width: 1024px) 100vw, 1024px\" \/><\/figure>\n","protected":false},"excerpt":{"rendered":"<p>queremos recordarlas y homenajearlas. <\/p>\n","protected":false},"author":3,"featured_media":377,"comment_status":"closed","ping_status":"open","sticky":false,"template":"","format":"standard","meta":{"footnotes":""},"categories":[7],"tags":[],"class_list":["post-375","post","type-post","status-publish","format-standard","has-post-thumbnail","hentry","category-institucional"],"_links":{"self":[{"href":"https:\/\/leswarmi.ar\/index.php\/wp-json\/wp\/v2\/posts\/375","targetHints":{"allow":["GET"]}}],"collection":[{"href":"https:\/\/leswarmi.ar\/index.php\/wp-json\/wp\/v2\/posts"}],"about":[{"href":"https:\/\/leswarmi.ar\/index.php\/wp-json\/wp\/v2\/types\/post"}],"author":[{"embeddable":true,"href":"https:\/\/leswarmi.ar\/index.php\/wp-json\/wp\/v2\/users\/3"}],"replies":[{"embeddable":true,"href":"https:\/\/leswarmi.ar\/index.php\/wp-json\/wp\/v2\/comments?post=375"}],"version-history":[{"count":1,"href":"https:\/\/leswarmi.ar\/index.php\/wp-json\/wp\/v2\/posts\/375\/revisions"}],"predecessor-version":[{"id":378,"href":"https:\/\/leswarmi.ar\/index.php\/wp-json\/wp\/v2\/posts\/375\/revisions\/378"}],"wp:featuredmedia":[{"embeddable":true,"href":"https:\/\/leswarmi.ar\/index.php\/wp-json\/wp\/v2\/media\/377"}],"wp:attachment":[{"href":"https:\/\/leswarmi.ar\/index.php\/wp-json\/wp\/v2\/media?parent=375"}],"wp:term":[{"taxonomy":"category","embeddable":true,"href":"https:\/\/leswarmi.ar\/index.php\/wp-json\/wp\/v2\/categories?post=375"},{"taxonomy":"post_tag","embeddable":true,"href":"https:\/\/leswarmi.ar\/index.php\/wp-json\/wp\/v2\/tags?post=375"}],"curies":[{"name":"wp","href":"https:\/\/api.w.org\/{rel}","templated":true}]}}