{"id":367,"date":"2024-07-08T13:19:18","date_gmt":"2024-07-08T16:19:18","guid":{"rendered":"https:\/\/leswarmi.ar\/?p=367"},"modified":"2025-03-12T10:10:11","modified_gmt":"2025-03-12T13:10:11","slug":"violencia-economica-y-patrimonial","status":"publish","type":"post","link":"https:\/\/leswarmi.ar\/index.php\/2024\/07\/08\/violencia-economica-y-patrimonial\/","title":{"rendered":"Violencia econ\u00f3mica y patrimonial"},"content":{"rendered":"\n<p>En el marco del Ciclo de charlas del proyecto Juntas y en-Red-adas, el viernes 12 de julio a las 19 hs nos acompa\u00f1ar\u00e1 Miriam Su\u00e1rez para charlar sobre manifestaciones de la violencia que viven las personas mayores LBTIQ+, en este caso las dimensiones econ\u00f3micas y patrimoniales.<\/p>\n\n\n\n<p>Las personas mayores LBTIQ+ viven m\u00faltiples discriminaciones y adem\u00e1s de invisibilizadas estas discriminaciones se manifiestan en violencias que no suelen ser denunciadas. \u00bfC\u00f3mo es la situaci\u00f3n actual? \u00bfQu\u00e9 sucedi\u00f3 en los \u00faltimos meses en materia de derechos de las personas mayores? para responder estas y otras cuestiones nos acompa\u00f1ar\u00e1 Miriam Su\u00e1rez especialista en Derechos Humanos e Inclusi\u00f3n.<\/p>\n\n\n\n<p>Para inscribirte hacelo en el <a href=\"https:\/\/forms.gle\/9qoFDqpR1n3as5k58\" target=\"_blank\" rel=\"noreferrer noopener nofollow\">formulario de inscripci\u00f3n<\/a>. <\/p>\n\n\n\n<figure class=\"wp-block-image size-large\"><img loading=\"lazy\" decoding=\"async\" width=\"1024\" height=\"1024\" src=\"https:\/\/leswarmi.ar\/wp-content\/uploads\/2024\/07\/charla-julio-uno-2-1024x1024.png\" alt=\"\" class=\"wp-image-529\" srcset=\"https:\/\/leswarmi.ar\/wp-content\/uploads\/2024\/07\/charla-julio-uno-2-1024x1024.png 1024w, https:\/\/leswarmi.ar\/wp-content\/uploads\/2024\/07\/charla-julio-uno-2-300x300.png 300w, https:\/\/leswarmi.ar\/wp-content\/uploads\/2024\/07\/charla-julio-uno-2-150x150.png 150w, https:\/\/leswarmi.ar\/wp-content\/uploads\/2024\/07\/charla-julio-uno-2-768x768.png 768w, https:\/\/leswarmi.ar\/wp-content\/uploads\/2024\/07\/charla-julio-uno-2.png 1080w\" sizes=\"auto, (max-width: 1024px) 100vw, 1024px\" \/><\/figure>\n","protected":false},"excerpt":{"rendered":"<p>que son padecidas por las personas mayores LBTIQ+, un meet para visibilizarlas.<\/p>\n","protected":false},"author":3,"featured_media":369,"comment_status":"closed","ping_status":"open","sticky":false,"template":"","format":"standard","meta":{"footnotes":""},"categories":[4],"tags":[],"class_list":["post-367","post","type-post","status-publish","format-standard","has-post-thumbnail","hentry","category-personas-mayores-lbtiq"],"_links":{"self":[{"href":"https:\/\/leswarmi.ar\/index.php\/wp-json\/wp\/v2\/posts\/367","targetHints":{"allow":["GET"]}}],"collection":[{"href":"https:\/\/leswarmi.ar\/index.php\/wp-json\/wp\/v2\/posts"}],"about":[{"href":"https:\/\/leswarmi.ar\/index.php\/wp-json\/wp\/v2\/types\/post"}],"author":[{"embeddable":true,"href":"https:\/\/leswarmi.ar\/index.php\/wp-json\/wp\/v2\/users\/3"}],"replies":[{"embeddable":true,"href":"https:\/\/leswarmi.ar\/index.php\/wp-json\/wp\/v2\/comments?post=367"}],"version-history":[{"count":5,"href":"https:\/\/leswarmi.ar\/index.php\/wp-json\/wp\/v2\/posts\/367\/revisions"}],"predecessor-version":[{"id":532,"href":"https:\/\/leswarmi.ar\/index.php\/wp-json\/wp\/v2\/posts\/367\/revisions\/532"}],"wp:featuredmedia":[{"embeddable":true,"href":"https:\/\/leswarmi.ar\/index.php\/wp-json\/wp\/v2\/media\/369"}],"wp:attachment":[{"href":"https:\/\/leswarmi.ar\/index.php\/wp-json\/wp\/v2\/media?parent=367"}],"wp:term":[{"taxonomy":"category","embeddable":true,"href":"https:\/\/leswarmi.ar\/index.php\/wp-json\/wp\/v2\/categories?post=367"},{"taxonomy":"post_tag","embeddable":true,"href":"https:\/\/leswarmi.ar\/index.php\/wp-json\/wp\/v2\/tags?post=367"}],"curies":[{"name":"wp","href":"https:\/\/api.w.org\/{rel}","templated":true}]}}