{"id":349,"date":"2024-06-09T07:40:11","date_gmt":"2024-06-09T10:40:11","guid":{"rendered":"https:\/\/leswarmi.ar\/?p=349"},"modified":"2024-06-09T08:27:47","modified_gmt":"2024-06-09T11:27:47","slug":"encuentro-elas","status":"publish","type":"post","link":"https:\/\/leswarmi.ar\/index.php\/2024\/06\/09\/encuentro-elas\/","title":{"rendered":"Encuentro ELAS+"},"content":{"rendered":"\n<p>Leswarmi particip\u00f3 del encuentro Di\u00e1logo Mujeres en Movimiento 2024 organizado por ELAS+ en Rio de Janeiro, Brasil.<br>ELAS+ es una ONG brasile\u00f1a de justicia social y ambiental, feminista y antirracista, que desde hace m\u00e1s de 20 a\u00f1os invierte en el fortalecimiento de organizaciones y grupos liderados por mujeres cis, trans y otras transidentidades. Fue el primer espacio en apoyar exclusivamente la promoci\u00f3n del protagonismo de las mujeres, personas trans, no binarias, y que conoce toda la multiplicidad y singularidad de este universo.<br>Este tan esperado encuentro de fortalecimiento es un espacio para discusiones sobre los desaf\u00edos actuales de los activismos de mujeres cis, trans y otras transidentidades y la construcci\u00f3n de estrategias de actuaci\u00f3n conjunta, mediante la formaci\u00f3n de alianzas y asociaciones. El encuentro posibilita la retroalimentaci\u00f3n de las experiencias de las organizaciones y las oportunidades para fortalecer alianzas dentro de los movimientos de mujeres cis y trans y otras transidentidades.<\/p>\n\n\n\n<p>Desde Leswarmi estamos muy agradecidas a ELAS+ por la invitaci\u00f3n y a Liderando desde el Sur (FMS) por el apoyo para participar de estos encuentros. <\/p>\n\n\n\n<figure class=\"wp-block-image size-large\"><img loading=\"lazy\" decoding=\"async\" width=\"576\" height=\"1024\" src=\"https:\/\/leswarmi.ar\/wp-content\/uploads\/2024\/06\/IMG-20240608-WA0019-576x1024.jpg\" alt=\"\" class=\"wp-image-357\" srcset=\"https:\/\/leswarmi.ar\/wp-content\/uploads\/2024\/06\/IMG-20240608-WA0019-576x1024.jpg 576w, https:\/\/leswarmi.ar\/wp-content\/uploads\/2024\/06\/IMG-20240608-WA0019-169x300.jpg 169w, https:\/\/leswarmi.ar\/wp-content\/uploads\/2024\/06\/IMG-20240608-WA0019.jpg 720w\" sizes=\"auto, (max-width: 576px) 100vw, 576px\" \/><\/figure>\n\n\n\n<figure class=\"wp-block-image size-large\"><img loading=\"lazy\" decoding=\"async\" width=\"576\" height=\"1024\" src=\"https:\/\/leswarmi.ar\/wp-content\/uploads\/2024\/06\/IMG-20240608-WA0020-576x1024.jpg\" alt=\"\" class=\"wp-image-354\" srcset=\"https:\/\/leswarmi.ar\/wp-content\/uploads\/2024\/06\/IMG-20240608-WA0020-576x1024.jpg 576w, https:\/\/leswarmi.ar\/wp-content\/uploads\/2024\/06\/IMG-20240608-WA0020-169x300.jpg 169w, https:\/\/leswarmi.ar\/wp-content\/uploads\/2024\/06\/IMG-20240608-WA0020.jpg 720w\" sizes=\"auto, (max-width: 576px) 100vw, 576px\" \/><\/figure>\n\n\n\n<figure class=\"wp-block-image size-large\"><img loading=\"lazy\" decoding=\"async\" width=\"1024\" height=\"576\" src=\"https:\/\/leswarmi.ar\/wp-content\/uploads\/2024\/06\/IMG-20240609-WA0001-1024x576.jpg\" alt=\"\" class=\"wp-image-355\" srcset=\"https:\/\/leswarmi.ar\/wp-content\/uploads\/2024\/06\/IMG-20240609-WA0001-1024x576.jpg 1024w, https:\/\/leswarmi.ar\/wp-content\/uploads\/2024\/06\/IMG-20240609-WA0001-300x169.jpg 300w, https:\/\/leswarmi.ar\/wp-content\/uploads\/2024\/06\/IMG-20240609-WA0001-768x432.jpg 768w, https:\/\/leswarmi.ar\/wp-content\/uploads\/2024\/06\/IMG-20240609-WA0001.jpg 1280w\" sizes=\"auto, (max-width: 1024px) 100vw, 1024px\" \/><\/figure>\n\n\n\n<figure class=\"wp-block-embed is-type-video is-provider-youtube wp-block-embed-youtube wp-embed-aspect-16-9 wp-has-aspect-ratio\"><div class=\"wp-block-embed__wrapper\">\n<iframe loading=\"lazy\" title=\"Encuentro en Rio de Janeiro\" width=\"500\" height=\"281\" src=\"https:\/\/www.youtube.com\/embed\/XBt6iZMJi8I?feature=oembed\" frameborder=\"0\" allow=\"accelerometer; autoplay; clipboard-write; encrypted-media; gyroscope; picture-in-picture; web-share\" referrerpolicy=\"strict-origin-when-cross-origin\" allowfullscreen><\/iframe>\n<\/div><\/figure>\n","protected":false},"excerpt":{"rendered":"<p>los desaf\u00edos actuales de los activismos de mujeres cis, trans y otras transidentidades<\/p>\n","protected":false},"author":3,"featured_media":350,"comment_status":"closed","ping_status":"open","sticky":false,"template":"","format":"standard","meta":{"footnotes":""},"categories":[9],"tags":[],"class_list":["post-349","post","type-post","status-publish","format-standard","has-post-thumbnail","hentry","category-actividades"],"_links":{"self":[{"href":"https:\/\/leswarmi.ar\/index.php\/wp-json\/wp\/v2\/posts\/349","targetHints":{"allow":["GET"]}}],"collection":[{"href":"https:\/\/leswarmi.ar\/index.php\/wp-json\/wp\/v2\/posts"}],"about":[{"href":"https:\/\/leswarmi.ar\/index.php\/wp-json\/wp\/v2\/types\/post"}],"author":[{"embeddable":true,"href":"https:\/\/leswarmi.ar\/index.php\/wp-json\/wp\/v2\/users\/3"}],"replies":[{"embeddable":true,"href":"https:\/\/leswarmi.ar\/index.php\/wp-json\/wp\/v2\/comments?post=349"}],"version-history":[{"count":5,"href":"https:\/\/leswarmi.ar\/index.php\/wp-json\/wp\/v2\/posts\/349\/revisions"}],"predecessor-version":[{"id":358,"href":"https:\/\/leswarmi.ar\/index.php\/wp-json\/wp\/v2\/posts\/349\/revisions\/358"}],"wp:featuredmedia":[{"embeddable":true,"href":"https:\/\/leswarmi.ar\/index.php\/wp-json\/wp\/v2\/media\/350"}],"wp:attachment":[{"href":"https:\/\/leswarmi.ar\/index.php\/wp-json\/wp\/v2\/media?parent=349"}],"wp:term":[{"taxonomy":"category","embeddable":true,"href":"https:\/\/leswarmi.ar\/index.php\/wp-json\/wp\/v2\/categories?post=349"},{"taxonomy":"post_tag","embeddable":true,"href":"https:\/\/leswarmi.ar\/index.php\/wp-json\/wp\/v2\/tags?post=349"}],"curies":[{"name":"wp","href":"https:\/\/api.w.org\/{rel}","templated":true}]}}