{"id":337,"date":"2024-05-27T17:55:55","date_gmt":"2024-05-27T20:55:55","guid":{"rendered":"https:\/\/leswarmi.ar\/?p=337"},"modified":"2024-05-27T17:57:06","modified_gmt":"2024-05-27T20:57:06","slug":"comunicandonos-de-manera-segura","status":"publish","type":"post","link":"https:\/\/leswarmi.ar\/index.php\/2024\/05\/27\/comunicandonos-de-manera-segura\/","title":{"rendered":"Comunic\u00e1ndonos de manera segura."},"content":{"rendered":"\n<p>Con la presentaci\u00f3n de Mafer Raimondo, especialista en ciberdefensa, realizamos el conversatorio en modalidad taller sobre &#8220;Autocuidado en la comunicaci\u00f3n virtual enfocado en la gesti\u00f3n y cuidado de los correos electr\u00f3nicos&#8221;. <\/p>\n\n\n\n<p>En el taller vimos que el correo electr\u00f3nico es un medio de comunicaci\u00f3n continua y eficiente. No obstante, como ocurre con toda herramienta de comunicaci\u00f3n, es necesaria una administraci\u00f3n adecuada para sacar el mejor provecho. <\/p>\n\n\n\n<p>En el taller aprendimos como cuidarnos de las artima\u00f1as de robos de identidad, hackeos, pishing y otros ataques. Una gesti\u00f3n eficaz del correo electr\u00f3nico mejora la productividad de un equipo de trabajo, permiti\u00e9ndole enfocarse en lo importante.<\/p>\n\n\n\n<p>Agradecemos a Mafer por su participaci\u00f3n y excelente taller. <\/p>\n\n\n\n<figure class=\"wp-block-image size-large\"><img loading=\"lazy\" decoding=\"async\" width=\"1024\" height=\"430\" src=\"https:\/\/leswarmi.ar\/wp-content\/uploads\/2024\/05\/charla-mafer-raimondo-e1716843157485-1024x430.png\" alt=\"\" class=\"wp-image-338\" srcset=\"https:\/\/leswarmi.ar\/wp-content\/uploads\/2024\/05\/charla-mafer-raimondo-e1716843157485-1024x430.png 1024w, https:\/\/leswarmi.ar\/wp-content\/uploads\/2024\/05\/charla-mafer-raimondo-e1716843157485-300x126.png 300w, https:\/\/leswarmi.ar\/wp-content\/uploads\/2024\/05\/charla-mafer-raimondo-e1716843157485-768x323.png 768w, https:\/\/leswarmi.ar\/wp-content\/uploads\/2024\/05\/charla-mafer-raimondo-e1716843157485.png 1088w\" sizes=\"auto, (max-width: 1024px) 100vw, 1024px\" \/><\/figure>\n","protected":false},"excerpt":{"rendered":"<p>En el taller aprendimos como cuidarnos. <\/p>\n","protected":false},"author":3,"featured_media":339,"comment_status":"closed","ping_status":"open","sticky":false,"template":"","format":"standard","meta":{"footnotes":""},"categories":[6],"tags":[],"class_list":["post-337","post","type-post","status-publish","format-standard","has-post-thumbnail","hentry","category-acceso-a-derechos"],"_links":{"self":[{"href":"https:\/\/leswarmi.ar\/index.php\/wp-json\/wp\/v2\/posts\/337","targetHints":{"allow":["GET"]}}],"collection":[{"href":"https:\/\/leswarmi.ar\/index.php\/wp-json\/wp\/v2\/posts"}],"about":[{"href":"https:\/\/leswarmi.ar\/index.php\/wp-json\/wp\/v2\/types\/post"}],"author":[{"embeddable":true,"href":"https:\/\/leswarmi.ar\/index.php\/wp-json\/wp\/v2\/users\/3"}],"replies":[{"embeddable":true,"href":"https:\/\/leswarmi.ar\/index.php\/wp-json\/wp\/v2\/comments?post=337"}],"version-history":[{"count":3,"href":"https:\/\/leswarmi.ar\/index.php\/wp-json\/wp\/v2\/posts\/337\/revisions"}],"predecessor-version":[{"id":342,"href":"https:\/\/leswarmi.ar\/index.php\/wp-json\/wp\/v2\/posts\/337\/revisions\/342"}],"wp:featuredmedia":[{"embeddable":true,"href":"https:\/\/leswarmi.ar\/index.php\/wp-json\/wp\/v2\/media\/339"}],"wp:attachment":[{"href":"https:\/\/leswarmi.ar\/index.php\/wp-json\/wp\/v2\/media?parent=337"}],"wp:term":[{"taxonomy":"category","embeddable":true,"href":"https:\/\/leswarmi.ar\/index.php\/wp-json\/wp\/v2\/categories?post=337"},{"taxonomy":"post_tag","embeddable":true,"href":"https:\/\/leswarmi.ar\/index.php\/wp-json\/wp\/v2\/tags?post=337"}],"curies":[{"name":"wp","href":"https:\/\/api.w.org\/{rel}","templated":true}]}}