{"id":305,"date":"2024-04-12T17:57:01","date_gmt":"2024-04-12T20:57:01","guid":{"rendered":"https:\/\/leswarmi.ar\/?p=305"},"modified":"2024-04-12T17:57:01","modified_gmt":"2024-04-12T20:57:01","slug":"conversatorio-sobre-autocuidados","status":"publish","type":"post","link":"https:\/\/leswarmi.ar\/index.php\/2024\/04\/12\/conversatorio-sobre-autocuidados\/","title":{"rendered":"Conversatorio sobre autocuidados."},"content":{"rendered":"\n<p>El s\u00e1bado 13 de abril a las 11 am realizaremos el conversatorio Virtual \u00abSoledad No Elegida\u00bb. El conversatorio integra las actividades de promoci\u00f3n de autocuidados dirigido a grupos de apoyo y familias elegidas. <\/p>\n\n\n\n<p>Una de las formas de malestar m\u00e1s habituales es la soledad, en la poblaci\u00f3n de las personas mayores LGBTIQ, ha llegado a ser un malestar muy generalizado. La soledad no elegida es un problema que\u00a0les\u00a0afecta significativamente en\u00a0su d\u00eda a d\u00eda. <\/p>\n\n\n\n<p>En este conversatorio exploraremos el t\u00e9rmino \u201csoledad\u201d,\u00a0veremos los\u00a0patrones de comportamiento que alimentan esa sensaci\u00f3n de malestar y la importancia de una conexi\u00f3n significativa con otras personas. Adem\u00e1s, reafirmaremos el concepto que no toda soledad, es soledad no elegida.<\/p>\n\n\n\n<p>Para participar inscribirse en el siguiente formulario:\u00a0<a href=\"https:\/\/docs.google.com\/forms\/d\/e\/1FAIpQLScmTFYUFuOsQaklLg49aMZ29ckZ8AMjKn7uGnwFuyTy6vWXAg\/viewform\" target=\"_blank\" rel=\"noreferrer noopener nofollow\">INSCRIBIRSE<\/a><\/p>\n\n\n\n<figure class=\"wp-block-image size-large\"><img loading=\"lazy\" decoding=\"async\" width=\"1024\" height=\"1024\" src=\"https:\/\/leswarmi.ar\/wp-content\/uploads\/2024\/04\/charla-soledad-elegida3-1024x1024.png\" alt=\"\" class=\"wp-image-306\" srcset=\"https:\/\/leswarmi.ar\/wp-content\/uploads\/2024\/04\/charla-soledad-elegida3-1024x1024.png 1024w, https:\/\/leswarmi.ar\/wp-content\/uploads\/2024\/04\/charla-soledad-elegida3-300x300.png 300w, https:\/\/leswarmi.ar\/wp-content\/uploads\/2024\/04\/charla-soledad-elegida3-150x150.png 150w, https:\/\/leswarmi.ar\/wp-content\/uploads\/2024\/04\/charla-soledad-elegida3-768x768.png 768w, https:\/\/leswarmi.ar\/wp-content\/uploads\/2024\/04\/charla-soledad-elegida3.png 1200w\" sizes=\"auto, (max-width: 1024px) 100vw, 1024px\" \/><\/figure>\n","protected":false},"excerpt":{"rendered":"<p>actividad dirigida a grupos de apoyo y familias elegidas.<\/p>\n","protected":false},"author":3,"featured_media":307,"comment_status":"closed","ping_status":"open","sticky":false,"template":"","format":"standard","meta":{"footnotes":""},"categories":[8,4],"tags":[],"class_list":["post-305","post","type-post","status-publish","format-standard","has-post-thumbnail","hentry","category-conversatorios","category-personas-mayores-lbtiq"],"_links":{"self":[{"href":"https:\/\/leswarmi.ar\/index.php\/wp-json\/wp\/v2\/posts\/305","targetHints":{"allow":["GET"]}}],"collection":[{"href":"https:\/\/leswarmi.ar\/index.php\/wp-json\/wp\/v2\/posts"}],"about":[{"href":"https:\/\/leswarmi.ar\/index.php\/wp-json\/wp\/v2\/types\/post"}],"author":[{"embeddable":true,"href":"https:\/\/leswarmi.ar\/index.php\/wp-json\/wp\/v2\/users\/3"}],"replies":[{"embeddable":true,"href":"https:\/\/leswarmi.ar\/index.php\/wp-json\/wp\/v2\/comments?post=305"}],"version-history":[{"count":1,"href":"https:\/\/leswarmi.ar\/index.php\/wp-json\/wp\/v2\/posts\/305\/revisions"}],"predecessor-version":[{"id":308,"href":"https:\/\/leswarmi.ar\/index.php\/wp-json\/wp\/v2\/posts\/305\/revisions\/308"}],"wp:featuredmedia":[{"embeddable":true,"href":"https:\/\/leswarmi.ar\/index.php\/wp-json\/wp\/v2\/media\/307"}],"wp:attachment":[{"href":"https:\/\/leswarmi.ar\/index.php\/wp-json\/wp\/v2\/media?parent=305"}],"wp:term":[{"taxonomy":"category","embeddable":true,"href":"https:\/\/leswarmi.ar\/index.php\/wp-json\/wp\/v2\/categories?post=305"},{"taxonomy":"post_tag","embeddable":true,"href":"https:\/\/leswarmi.ar\/index.php\/wp-json\/wp\/v2\/tags?post=305"}],"curies":[{"name":"wp","href":"https:\/\/api.w.org\/{rel}","templated":true}]}}