{"id":241,"date":"2023-07-08T09:48:08","date_gmt":"2023-07-08T12:48:08","guid":{"rendered":"https:\/\/leswarmi.ar\/?p=241"},"modified":"2024-01-27T10:19:38","modified_gmt":"2024-01-27T13:19:38","slug":"cinedebate-sobre-vejeces-en-lesbianas","status":"publish","type":"post","link":"https:\/\/leswarmi.ar\/index.php\/2023\/07\/08\/cinedebate-sobre-vejeces-en-lesbianas\/","title":{"rendered":"CineDebate sobre vejeces en lesbianas"},"content":{"rendered":"\n<p>En el marco del proyecto sobre personas mayores LBTIQ+, hicimos un nuevo encuentro para, proyecci\u00f3n de una pel\u00edcula mediante, debatir sobre las vejeces en lesbianas.<\/p>\n\n\n\n<p>Vimos \u201cSalir del Ropero\u201d de Angeles Rein\u00e9. La proyecci\u00f3n fue el jueves 6 de julio a las 19 hs, en Cris\u00e1lida biblioteca popular en calle virgen de la merced 431 piso 3 C. Ver\u00f3nica Forqu\u00e9 y Rosa Mar\u00eda Sard\u00e1 protagonizan esta comedia donde dos mujeres mayores de 70 sinceran su amor y deciden casarse, desatando el caos en su familia.Ellas prefieren llamarlo salir del ropero, \u201cporque lo del cl\u00f3set es para los hombres\u201d, dicen. <\/p>\n\n\n\n<p>Las m\u00faltiples discriminaciones que viven las mujeres lesbianas se profundizan en la vejez. Con las personas que asistieron a la proyecci\u00f3n debatimos sobre la invisibilidad de las vejeces en mujeres lesbianas y trans y en personas no binarias.<\/p>\n\n\n\n<p>Tambi\u00e9n di\u00e1logamos sobre las pol\u00edticas p\u00fablicas y c\u00f3mo est\u00e1n dise\u00f1adas desde una mirada patriarcal con una \u00fanica perspectiva, la cishetero binaria. <\/p>\n\n\n\n<figure class=\"wp-block-image size-large is-resized\"><img loading=\"lazy\" decoding=\"async\" width=\"1024\" height=\"768\" src=\"https:\/\/leswarmi.ar\/wp-content\/uploads\/2024\/01\/encuentro-de-cine-debate-sobre-vejeces-LBTIQ-julio-2023-1024x768.jpg\" alt=\"\" class=\"wp-image-242\" style=\"width:479px;height:auto\" srcset=\"https:\/\/leswarmi.ar\/wp-content\/uploads\/2024\/01\/encuentro-de-cine-debate-sobre-vejeces-LBTIQ-julio-2023-1024x768.jpg 1024w, https:\/\/leswarmi.ar\/wp-content\/uploads\/2024\/01\/encuentro-de-cine-debate-sobre-vejeces-LBTIQ-julio-2023-300x225.jpg 300w, https:\/\/leswarmi.ar\/wp-content\/uploads\/2024\/01\/encuentro-de-cine-debate-sobre-vejeces-LBTIQ-julio-2023-768x576.jpg 768w, https:\/\/leswarmi.ar\/wp-content\/uploads\/2024\/01\/encuentro-de-cine-debate-sobre-vejeces-LBTIQ-julio-2023.jpg 1280w\" sizes=\"auto, (max-width: 1024px) 100vw, 1024px\" \/><\/figure>\n\n\n\n<p><\/p>\n","protected":false},"excerpt":{"rendered":"<p>Las m\u00faltiples discriminaciones que viven las mujeres lesbianas se profundizan en la vejez.<\/p>\n","protected":false},"author":3,"featured_media":242,"comment_status":"closed","ping_status":"open","sticky":false,"template":"","format":"standard","meta":{"footnotes":""},"categories":[4],"tags":[],"class_list":["post-241","post","type-post","status-publish","format-standard","has-post-thumbnail","hentry","category-personas-mayores-lbtiq"],"_links":{"self":[{"href":"https:\/\/leswarmi.ar\/index.php\/wp-json\/wp\/v2\/posts\/241","targetHints":{"allow":["GET"]}}],"collection":[{"href":"https:\/\/leswarmi.ar\/index.php\/wp-json\/wp\/v2\/posts"}],"about":[{"href":"https:\/\/leswarmi.ar\/index.php\/wp-json\/wp\/v2\/types\/post"}],"author":[{"embeddable":true,"href":"https:\/\/leswarmi.ar\/index.php\/wp-json\/wp\/v2\/users\/3"}],"replies":[{"embeddable":true,"href":"https:\/\/leswarmi.ar\/index.php\/wp-json\/wp\/v2\/comments?post=241"}],"version-history":[{"count":4,"href":"https:\/\/leswarmi.ar\/index.php\/wp-json\/wp\/v2\/posts\/241\/revisions"}],"predecessor-version":[{"id":246,"href":"https:\/\/leswarmi.ar\/index.php\/wp-json\/wp\/v2\/posts\/241\/revisions\/246"}],"wp:featuredmedia":[{"embeddable":true,"href":"https:\/\/leswarmi.ar\/index.php\/wp-json\/wp\/v2\/media\/242"}],"wp:attachment":[{"href":"https:\/\/leswarmi.ar\/index.php\/wp-json\/wp\/v2\/media?parent=241"}],"wp:term":[{"taxonomy":"category","embeddable":true,"href":"https:\/\/leswarmi.ar\/index.php\/wp-json\/wp\/v2\/categories?post=241"},{"taxonomy":"post_tag","embeddable":true,"href":"https:\/\/leswarmi.ar\/index.php\/wp-json\/wp\/v2\/tags?post=241"}],"curies":[{"name":"wp","href":"https:\/\/api.w.org\/{rel}","templated":true}]}}