{"id":211,"date":"2023-12-09T18:41:25","date_gmt":"2023-12-09T21:41:25","guid":{"rendered":"https:\/\/leswarmi.ar\/?p=211"},"modified":"2024-01-27T11:27:55","modified_gmt":"2024-01-27T14:27:55","slug":"cierre-del-proyecto-meriendas-arco-iris","status":"publish","type":"post","link":"https:\/\/leswarmi.ar\/index.php\/2023\/12\/09\/cierre-del-proyecto-meriendas-arco-iris\/","title":{"rendered":"Cierre del proyecto Meriendas Arco Iris"},"content":{"rendered":"\n<p>Con la presencia de referentes del \u00e1mbito de los Derechos Humanos; la promoci\u00f3n de los derechos de las vejeces e invitades, compartimos el \u00faltimo encuentro del proyecto Merienda Arco Iris. <\/p>\n\n\n\n<p>El encuentro se realiz\u00f3 en el centro cultural Cit\u00e1 y nos acompa\u00f1aron; Margarita Avila, presidenta del Foro de Mujeres del Mercosur; Elsa Hassan Jalil, vicepresidenta del Consejo de Personas Mayores de Tucum\u00e1n; Ruy Diaz del Colectivo de Arqueolog\u00eda, Memoriae Identidad de Tucum\u00e1n (CAMIT); Marco Valdez del Ente Tucum\u00e1n Turismo e integrantes de Foro de Mujeres del Mercosur. <\/p>\n\n\n\n<figure class=\"wp-block-image size-full is-resized\"><img loading=\"lazy\" decoding=\"async\" width=\"1024\" height=\"576\" src=\"https:\/\/leswarmi.ar\/wp-content\/uploads\/2023\/12\/WhatsApp-Image-2023-12-07-at-17.48.09-1.jpeg\" alt=\"\" class=\"wp-image-212\" style=\"width:441px;height:auto\" srcset=\"https:\/\/leswarmi.ar\/wp-content\/uploads\/2023\/12\/WhatsApp-Image-2023-12-07-at-17.48.09-1.jpeg 1024w, https:\/\/leswarmi.ar\/wp-content\/uploads\/2023\/12\/WhatsApp-Image-2023-12-07-at-17.48.09-1-300x169.jpeg 300w, https:\/\/leswarmi.ar\/wp-content\/uploads\/2023\/12\/WhatsApp-Image-2023-12-07-at-17.48.09-1-768x432.jpeg 768w\" sizes=\"auto, (max-width: 1024px) 100vw, 1024px\" \/><\/figure>\n\n\n\n<p>En el encuentro expusimos informaci\u00f3n sobre la situaci\u00f3n de las personas mayores LGBTIQ en Tucum\u00e1n e intercambiamos impresiones sobre estas deudas pendientes y c\u00f3mo promover estrategias de prevenci\u00f3n y fortalecimiento de derechos. Cada participante aport\u00f3 generosamente su experiencia en diferentes campos y pudimos entretejer ideas que nutrir\u00e1n nuestro trabajo a futuro.<\/p>\n\n\n\n<p> <\/p>\n\n\n\n<figure class=\"wp-block-gallery has-nested-images columns-default is-cropped wp-block-gallery-1 is-layout-flex wp-block-gallery-is-layout-flex\">\n<figure class=\"wp-block-image size-large\"><img loading=\"lazy\" decoding=\"async\" width=\"1024\" height=\"576\" data-id=\"213\" src=\"https:\/\/leswarmi.ar\/wp-content\/uploads\/2023\/12\/WhatsApp-Image-2023-12-07-at-17.48.09-2.jpeg\" alt=\"\" class=\"wp-image-213\" srcset=\"https:\/\/leswarmi.ar\/wp-content\/uploads\/2023\/12\/WhatsApp-Image-2023-12-07-at-17.48.09-2.jpeg 1024w, https:\/\/leswarmi.ar\/wp-content\/uploads\/2023\/12\/WhatsApp-Image-2023-12-07-at-17.48.09-2-300x169.jpeg 300w, https:\/\/leswarmi.ar\/wp-content\/uploads\/2023\/12\/WhatsApp-Image-2023-12-07-at-17.48.09-2-768x432.jpeg 768w\" sizes=\"auto, (max-width: 1024px) 100vw, 1024px\" \/><\/figure>\n<\/figure>\n\n\n\n<p>Durante 2023 mantuvimos meriendas arco iris con referentes de diferentes \u00e1mbitos para promover informaci\u00f3n sobre las vejeces LBTIQ. Este proyecto fue posible gracias al apoyo de Liderando desde el Sur del Fondo Mujeres del Sur; AllWelcome Canad\u00e1 y Matria, instituto sobre cuestiones de g\u00e9nero.<\/p>\n\n\n\n<p>Las meriendas arco iris reunieron a referentes de diferentes \u00e1mbitos para abordar las vejeces en la diversidad. El punto de encuentro fue el Centro Cultural Cit\u00e1.<\/p>\n\n\n\n<figure class=\"wp-block-gallery has-nested-images columns-default is-cropped wp-block-gallery-2 is-layout-flex wp-block-gallery-is-layout-flex\">\n<figure class=\"wp-block-image size-large\"><img loading=\"lazy\" decoding=\"async\" width=\"1024\" height=\"768\" data-id=\"214\" src=\"https:\/\/leswarmi.ar\/wp-content\/uploads\/2023\/12\/WhatsApp-Image-2023-12-07-at-17.48.08.jpeg\" alt=\"\" class=\"wp-image-214\" srcset=\"https:\/\/leswarmi.ar\/wp-content\/uploads\/2023\/12\/WhatsApp-Image-2023-12-07-at-17.48.08.jpeg 1024w, https:\/\/leswarmi.ar\/wp-content\/uploads\/2023\/12\/WhatsApp-Image-2023-12-07-at-17.48.08-300x225.jpeg 300w, https:\/\/leswarmi.ar\/wp-content\/uploads\/2023\/12\/WhatsApp-Image-2023-12-07-at-17.48.08-768x576.jpeg 768w\" sizes=\"auto, (max-width: 1024px) 100vw, 1024px\" \/><\/figure>\n<\/figure>\n\n\n\n<p>Te invitamos a visitar las meriendas Arco Iris donde abordamos las vejeces LBTIQ+ desde la informaci\u00f3n y la sensibilizaci\u00f3n.<\/p>\n\n\n\n<p>Visita el siguiente enlace para mas informaci\u00f3n\u00a0<a href=\"https:\/\/personasmayoreslbtiq.ediedu.org\/blog\/\" target=\"_blank\" rel=\"noreferrer noopener\">https:\/\/personasmayoreslbtiq.ediedu.org\/blog\/<\/a><\/p>\n\n\n\n<figure class=\"wp-block-image size-full\"><img loading=\"lazy\" decoding=\"async\" width=\"768\" height=\"1024\" src=\"https:\/\/leswarmi.ar\/wp-content\/uploads\/2023\/12\/WhatsApp-Image-2023-12-07-at-17.48.09.jpeg\" alt=\"\" class=\"wp-image-215\" srcset=\"https:\/\/leswarmi.ar\/wp-content\/uploads\/2023\/12\/WhatsApp-Image-2023-12-07-at-17.48.09.jpeg 768w, https:\/\/leswarmi.ar\/wp-content\/uploads\/2023\/12\/WhatsApp-Image-2023-12-07-at-17.48.09-225x300.jpeg 225w\" sizes=\"auto, (max-width: 768px) 100vw, 768px\" \/><\/figure>\n","protected":false},"excerpt":{"rendered":"<p>Con invitades compartimos el \u00faltimo encuentro del proyecto Merienda Arco Iris. <\/p>\n","protected":false},"author":3,"featured_media":212,"comment_status":"closed","ping_status":"open","sticky":false,"template":"","format":"standard","meta":{"footnotes":""},"categories":[1],"tags":[],"class_list":["post-211","post","type-post","status-publish","format-standard","has-post-thumbnail","hentry","category-sin-categoria"],"_links":{"self":[{"href":"https:\/\/leswarmi.ar\/index.php\/wp-json\/wp\/v2\/posts\/211","targetHints":{"allow":["GET"]}}],"collection":[{"href":"https:\/\/leswarmi.ar\/index.php\/wp-json\/wp\/v2\/posts"}],"about":[{"href":"https:\/\/leswarmi.ar\/index.php\/wp-json\/wp\/v2\/types\/post"}],"author":[{"embeddable":true,"href":"https:\/\/leswarmi.ar\/index.php\/wp-json\/wp\/v2\/users\/3"}],"replies":[{"embeddable":true,"href":"https:\/\/leswarmi.ar\/index.php\/wp-json\/wp\/v2\/comments?post=211"}],"version-history":[{"count":2,"href":"https:\/\/leswarmi.ar\/index.php\/wp-json\/wp\/v2\/posts\/211\/revisions"}],"predecessor-version":[{"id":247,"href":"https:\/\/leswarmi.ar\/index.php\/wp-json\/wp\/v2\/posts\/211\/revisions\/247"}],"wp:featuredmedia":[{"embeddable":true,"href":"https:\/\/leswarmi.ar\/index.php\/wp-json\/wp\/v2\/media\/212"}],"wp:attachment":[{"href":"https:\/\/leswarmi.ar\/index.php\/wp-json\/wp\/v2\/media?parent=211"}],"wp:term":[{"taxonomy":"category","embeddable":true,"href":"https:\/\/leswarmi.ar\/index.php\/wp-json\/wp\/v2\/categories?post=211"},{"taxonomy":"post_tag","embeddable":true,"href":"https:\/\/leswarmi.ar\/index.php\/wp-json\/wp\/v2\/tags?post=211"}],"curies":[{"name":"wp","href":"https:\/\/api.w.org\/{rel}","templated":true}]}}