{"id":170,"date":"2023-10-01T11:58:39","date_gmt":"2023-10-01T14:58:39","guid":{"rendered":"https:\/\/leswarmi.ar\/?p=170"},"modified":"2023-10-01T12:06:20","modified_gmt":"2023-10-01T15:06:20","slug":"dia-internacional-de-las-personas-mayores","status":"publish","type":"post","link":"https:\/\/leswarmi.ar\/index.php\/2023\/10\/01\/dia-internacional-de-las-personas-mayores\/","title":{"rendered":"D\u00eda Internacional de las Personas Mayores."},"content":{"rendered":"\n<p>El 14 de diciembre de 1990, la Asamblea General de las Naciones Unidas, a trav\u00e9s de la <a href=\"http:\/\/undocs.org\/es\/A\/RES\/45\/106\">resoluci\u00f3n 45\/106<\/a>, design\u00f3 el 1 de octubre D\u00eda Internacional de las Personas Mayores.<\/p>\n\n\n\n<p>Anteriormente a esto, exist\u00edan iniciativas como el Plan de Acci\u00f3n Internacional de Viena sobre el Envejecimiento, que fue adoptado por la Asamblea Mundial sobre el Envejecimiento en 1982 y que la Asamblea General de las Naciones Unidas aprob\u00f3 ese mismo a\u00f1o.<\/p>\n\n\n\n<p>En 1991, la Asamblea General (por la <a href=\"https:\/\/undocs.org\/es\/A\/RES\/46\/91\">resoluci\u00f3n 46\/91<\/a>) adopt\u00f3 los Principios de las Naciones Unidas para las personas mayores.<\/p>\n\n\n\n<p>En 2002, la segunda Asamblea Mundial sobre el Envejecimiento adopt\u00f3 el Plan de Acci\u00f3n Internacional de Madrid sobre el Envejecimiento, para responder a las oportunidades y desaf\u00edos del envejecimiento de la poblaci\u00f3n en el siglo XXI y para promover el desarrollo de una sociedad para todas las edades.<\/p>\n\n\n\n<p>Una herramienta imprescindible para promover los derechos de las personas mayores desde una perspectiva de interseccionalidad es La Convenci\u00f3n Interamericana sobre la Protecci\u00f3n de los Derechos Humanos de las Personas Mayores como herramienta para promover la D\u00e9cada del Envejecimiento Saludable qiue podes <a href=\"https:\/\/iris.paho.org\/bitstream\/handle\/10665.2\/57353\/9789275326947_spa.pdf?sequence=1&amp;isAllowed=y\" data-type=\"link\" data-id=\"https:\/\/iris.paho.org\/bitstream\/handle\/10665.2\/57353\/9789275326947_spa.pdf?sequence=1&amp;isAllowed=y\">leerla y descargarla desde este enlace<\/a>.<\/p>\n\n\n\n<p>Las personas mayores LBTIQ+ padecen m\u00faltiples discriminaciones y son invisibles para las pol\u00edticas p\u00fablicas en la actualidad. Desde Leswarmi junto a otras organizaciones conformamos un consorcio para visibilizarles, acompa\u00f1ar sus voces y promover una mirada interseccional. <\/p>\n\n\n\n<p><\/p>\n\n\n\n<figure class=\"wp-block-image size-large\"><img loading=\"lazy\" decoding=\"async\" width=\"1024\" height=\"1024\" src=\"https:\/\/leswarmi.ar\/wp-content\/uploads\/2023\/10\/dia-personas-mayores-lesbianas1-1024x1024.png\" alt=\"\" class=\"wp-image-171\" srcset=\"https:\/\/leswarmi.ar\/wp-content\/uploads\/2023\/10\/dia-personas-mayores-lesbianas1-1024x1024.png 1024w, https:\/\/leswarmi.ar\/wp-content\/uploads\/2023\/10\/dia-personas-mayores-lesbianas1-300x300.png 300w, https:\/\/leswarmi.ar\/wp-content\/uploads\/2023\/10\/dia-personas-mayores-lesbianas1-150x150.png 150w, https:\/\/leswarmi.ar\/wp-content\/uploads\/2023\/10\/dia-personas-mayores-lesbianas1-768x768.png 768w, https:\/\/leswarmi.ar\/wp-content\/uploads\/2023\/10\/dia-personas-mayores-lesbianas1.png 1080w\" sizes=\"auto, (max-width: 1024px) 100vw, 1024px\" \/><\/figure>\n","protected":false},"excerpt":{"rendered":"<p>ONU design\u00f3 el 1 de octubre D\u00eda Internacional de las Personas Mayores.<\/p>\n","protected":false},"author":3,"featured_media":171,"comment_status":"closed","ping_status":"open","sticky":false,"template":"","format":"standard","meta":{"footnotes":""},"categories":[4],"tags":[],"class_list":["post-170","post","type-post","status-publish","format-standard","has-post-thumbnail","hentry","category-personas-mayores-lbtiq"],"_links":{"self":[{"href":"https:\/\/leswarmi.ar\/index.php\/wp-json\/wp\/v2\/posts\/170","targetHints":{"allow":["GET"]}}],"collection":[{"href":"https:\/\/leswarmi.ar\/index.php\/wp-json\/wp\/v2\/posts"}],"about":[{"href":"https:\/\/leswarmi.ar\/index.php\/wp-json\/wp\/v2\/types\/post"}],"author":[{"embeddable":true,"href":"https:\/\/leswarmi.ar\/index.php\/wp-json\/wp\/v2\/users\/3"}],"replies":[{"embeddable":true,"href":"https:\/\/leswarmi.ar\/index.php\/wp-json\/wp\/v2\/comments?post=170"}],"version-history":[{"count":1,"href":"https:\/\/leswarmi.ar\/index.php\/wp-json\/wp\/v2\/posts\/170\/revisions"}],"predecessor-version":[{"id":172,"href":"https:\/\/leswarmi.ar\/index.php\/wp-json\/wp\/v2\/posts\/170\/revisions\/172"}],"wp:featuredmedia":[{"embeddable":true,"href":"https:\/\/leswarmi.ar\/index.php\/wp-json\/wp\/v2\/media\/171"}],"wp:attachment":[{"href":"https:\/\/leswarmi.ar\/index.php\/wp-json\/wp\/v2\/media?parent=170"}],"wp:term":[{"taxonomy":"category","embeddable":true,"href":"https:\/\/leswarmi.ar\/index.php\/wp-json\/wp\/v2\/categories?post=170"},{"taxonomy":"post_tag","embeddable":true,"href":"https:\/\/leswarmi.ar\/index.php\/wp-json\/wp\/v2\/tags?post=170"}],"curies":[{"name":"wp","href":"https:\/\/api.w.org\/{rel}","templated":true}]}}