{"id":159,"date":"2023-09-21T20:34:25","date_gmt":"2023-09-21T23:34:25","guid":{"rendered":"https:\/\/leswarmi.ar\/?p=159"},"modified":"2023-09-21T23:03:52","modified_gmt":"2023-09-22T02:03:52","slug":"por-los-derechos-de-las-vejeces-lbtiq","status":"publish","type":"post","link":"https:\/\/leswarmi.ar\/index.php\/2023\/09\/21\/por-los-derechos-de-las-vejeces-lbtiq\/","title":{"rendered":"Por los derechos de las vejeces LBTIQ+"},"content":{"rendered":"\n<p>\u00bfConoces nuestro curso asincr\u00f3nico? Lo podes encontrar en este enlace: <a href=\"https:\/\/leswarmi.ediedu.org\/ \">https:\/\/leswarmi.ediedu.org\/ <\/a><\/p>\n\n\n\n<p>El\u00a0curso es asincr\u00f3nico, autogestionado (modalidad a\u00a0demanda) esto quiere decir que podes hacerlo cuando quieras, est\u00e1 online desde 2021. Vas completando los pasos seg\u00fan tu disponibilidad de tiempo. Fue pensada para acceder a herramientas para promover la visibilidad, aceptaci\u00f3n, inclusi\u00f3n, autonom\u00eda y participaci\u00f3n de las personas mayores LBTIQ+. Y as\u00ed contribuir a combatir la exclusi\u00f3n social y el aislamiento que viven las personas mayores LBTIQ+.\u00a0<\/p>\n\n\n\n<p>Esta propuesta es conducida por el consorcio EDIedu que integramos  Leswarmi mujeres originarias lesbianas y bisexuales; La Grupa Trans; Familias Diversas Tucum\u00e1n y Cris\u00e1lida biblioteca popular de g\u00e9nero y diversidad afectivo sexual. Cuenta con el apoyo de Matria, instituto sobre cuestiones de g\u00e9nero; Liderando desde el Sur del Fondo Mujeres del Sur; Bienvenides\/AllWelcome y APDH.\u00a0<\/p>\n\n\n\n<p>El 28 de septiembre a las 21 hs por meet haremos un encuentro para explicar m\u00e1s sobre este curso y contaremos con la presencia de la Coordinadora del Espacio  de primera escucha amigable \u201cMariana&nbsp;Alarc\u00f3n\u201d.<\/p>\n\n\n\n<figure class=\"wp-block-image size-large\"><img loading=\"lazy\" decoding=\"async\" width=\"1024\" height=\"1024\" src=\"https:\/\/leswarmi.ar\/wp-content\/uploads\/2023\/09\/curso-personas-mayores-LBTIQ-1024x1024.png\" alt=\"\" class=\"wp-image-160\" srcset=\"https:\/\/leswarmi.ar\/wp-content\/uploads\/2023\/09\/curso-personas-mayores-LBTIQ-1024x1024.png 1024w, https:\/\/leswarmi.ar\/wp-content\/uploads\/2023\/09\/curso-personas-mayores-LBTIQ-300x300.png 300w, https:\/\/leswarmi.ar\/wp-content\/uploads\/2023\/09\/curso-personas-mayores-LBTIQ-150x150.png 150w, https:\/\/leswarmi.ar\/wp-content\/uploads\/2023\/09\/curso-personas-mayores-LBTIQ-768x768.png 768w, https:\/\/leswarmi.ar\/wp-content\/uploads\/2023\/09\/curso-personas-mayores-LBTIQ.png 1080w\" sizes=\"auto, (max-width: 1024px) 100vw, 1024px\" \/><\/figure>\n","protected":false},"excerpt":{"rendered":"<p>Desde 2021 el curso propone herramientas para promover los derechos de las vejeces en la diversidad.<\/p>\n","protected":false},"author":3,"featured_media":160,"comment_status":"closed","ping_status":"open","sticky":false,"template":"","format":"standard","meta":{"footnotes":""},"categories":[4],"tags":[],"class_list":["post-159","post","type-post","status-publish","format-standard","has-post-thumbnail","hentry","category-personas-mayores-lbtiq"],"_links":{"self":[{"href":"https:\/\/leswarmi.ar\/index.php\/wp-json\/wp\/v2\/posts\/159","targetHints":{"allow":["GET"]}}],"collection":[{"href":"https:\/\/leswarmi.ar\/index.php\/wp-json\/wp\/v2\/posts"}],"about":[{"href":"https:\/\/leswarmi.ar\/index.php\/wp-json\/wp\/v2\/types\/post"}],"author":[{"embeddable":true,"href":"https:\/\/leswarmi.ar\/index.php\/wp-json\/wp\/v2\/users\/3"}],"replies":[{"embeddable":true,"href":"https:\/\/leswarmi.ar\/index.php\/wp-json\/wp\/v2\/comments?post=159"}],"version-history":[{"count":3,"href":"https:\/\/leswarmi.ar\/index.php\/wp-json\/wp\/v2\/posts\/159\/revisions"}],"predecessor-version":[{"id":168,"href":"https:\/\/leswarmi.ar\/index.php\/wp-json\/wp\/v2\/posts\/159\/revisions\/168"}],"wp:featuredmedia":[{"embeddable":true,"href":"https:\/\/leswarmi.ar\/index.php\/wp-json\/wp\/v2\/media\/160"}],"wp:attachment":[{"href":"https:\/\/leswarmi.ar\/index.php\/wp-json\/wp\/v2\/media?parent=159"}],"wp:term":[{"taxonomy":"category","embeddable":true,"href":"https:\/\/leswarmi.ar\/index.php\/wp-json\/wp\/v2\/categories?post=159"},{"taxonomy":"post_tag","embeddable":true,"href":"https:\/\/leswarmi.ar\/index.php\/wp-json\/wp\/v2\/tags?post=159"}],"curies":[{"name":"wp","href":"https:\/\/api.w.org\/{rel}","templated":true}]}}