{"id":154,"date":"2023-03-23T19:35:00","date_gmt":"2023-03-23T22:35:00","guid":{"rendered":"https:\/\/leswarmi.ar\/?p=154"},"modified":"2023-09-21T19:44:58","modified_gmt":"2023-09-21T22:44:58","slug":"participamos-del-foro-mundial","status":"publish","type":"post","link":"https:\/\/leswarmi.ar\/index.php\/2023\/03\/23\/participamos-del-foro-mundial\/","title":{"rendered":"Participamos del Foro Mundial."},"content":{"rendered":"\n<p>El 22 de marzo participamos del IIl Foro Mundial de los Derechos Humanos 2023 que organiz\u00f3 Unesco en Argentina.<\/p>\n\n\n\n<p>Nuestra participaci\u00f3n fue con el taller \u201cTodes Bienvenides: estrategias para promover los derechos de las personas mayores LGBTIQ+\u201d. Dada la gran afluencia de propuestas, compartimos espacio con AllWelcome\/Bienvenides de Canad\u00e1.<\/p>\n\n\n\n<p>Nuestra presentaci\u00f3n hizo alusi\u00f3n al curso online &#8220;Por los derechos de las personas mayores LBTIQ+&#8221; que est\u00e1 online y disponible para quienes deseen hacerlo. Adem\u00e1s compartimos nuestras experiencias en la promoci\u00f3n de los derechos de las personas mayores LBTIQ+, la importancia de la interseccionalidad, la subrepresentaci\u00f3n imperante y el edadismo.<\/p>\n\n\n\n<p>Agradecemos al Fondo Mujeres del Sur que con su apoyo nos permitieron participar, a los organizadores, a Martin Krajcik de AllWelcome\/Bienvenides de Canad\u00e1 y a las personas asistentes.<\/p>\n\n\n\n<p>Para conocer m\u00e1s sobre el III Foro Mundial de Derechos Humanos 2023 te invitamos a visitar:\u00a0<a rel=\"noreferrer noopener\" href=\"http:\/\/www.fmdh23.org\/?fbclid=IwAR0eqXxhlrB_ZTcPy6nWedP9JuABGVWqPiXRXhzNPBkOlqf5TPSfOcdzeAw\" target=\"_blank\">www.fmdh23.org<\/a>\u00a0<\/p>\n\n\n\n<figure class=\"wp-block-gallery has-nested-images columns-default is-cropped wp-block-gallery-1 is-layout-flex wp-block-gallery-is-layout-flex\">\n<figure class=\"wp-block-image size-large\"><img loading=\"lazy\" decoding=\"async\" width=\"1024\" height=\"576\" data-id=\"155\" src=\"https:\/\/leswarmi.ar\/wp-content\/uploads\/2023\/09\/IMG-20230322-WA0042-1024x576.jpg\" alt=\"\" class=\"wp-image-155\" srcset=\"https:\/\/leswarmi.ar\/wp-content\/uploads\/2023\/09\/IMG-20230322-WA0042-1024x576.jpg 1024w, https:\/\/leswarmi.ar\/wp-content\/uploads\/2023\/09\/IMG-20230322-WA0042-300x169.jpg 300w, https:\/\/leswarmi.ar\/wp-content\/uploads\/2023\/09\/IMG-20230322-WA0042-768x432.jpg 768w, https:\/\/leswarmi.ar\/wp-content\/uploads\/2023\/09\/IMG-20230322-WA0042.jpg 1280w\" sizes=\"auto, (max-width: 1024px) 100vw, 1024px\" \/><\/figure>\n\n\n\n<figure class=\"wp-block-image size-large\"><img loading=\"lazy\" decoding=\"async\" width=\"1024\" height=\"576\" data-id=\"156\" src=\"https:\/\/leswarmi.ar\/wp-content\/uploads\/2023\/09\/IMG-20230322-WA0036-1024x576.jpg\" alt=\"\" class=\"wp-image-156\" srcset=\"https:\/\/leswarmi.ar\/wp-content\/uploads\/2023\/09\/IMG-20230322-WA0036-1024x576.jpg 1024w, https:\/\/leswarmi.ar\/wp-content\/uploads\/2023\/09\/IMG-20230322-WA0036-300x169.jpg 300w, https:\/\/leswarmi.ar\/wp-content\/uploads\/2023\/09\/IMG-20230322-WA0036-768x432.jpg 768w, https:\/\/leswarmi.ar\/wp-content\/uploads\/2023\/09\/IMG-20230322-WA0036.jpg 1280w\" sizes=\"auto, (max-width: 1024px) 100vw, 1024px\" \/><\/figure>\n\n\n\n<figure class=\"wp-block-image size-large\"><img loading=\"lazy\" decoding=\"async\" width=\"1024\" height=\"1024\" data-id=\"136\" src=\"https:\/\/leswarmi.ar\/wp-content\/uploads\/2023\/09\/unescoo-1024x1024.jpg\" alt=\"\" class=\"wp-image-136\" srcset=\"https:\/\/leswarmi.ar\/wp-content\/uploads\/2023\/09\/unescoo-1024x1024.jpg 1024w, https:\/\/leswarmi.ar\/wp-content\/uploads\/2023\/09\/unescoo-300x300.jpg 300w, https:\/\/leswarmi.ar\/wp-content\/uploads\/2023\/09\/unescoo-150x150.jpg 150w, https:\/\/leswarmi.ar\/wp-content\/uploads\/2023\/09\/unescoo-768x768.jpg 768w, https:\/\/leswarmi.ar\/wp-content\/uploads\/2023\/09\/unescoo.jpg 1080w\" sizes=\"auto, (max-width: 1024px) 100vw, 1024px\" \/><\/figure>\n<\/figure>\n","protected":false},"excerpt":{"rendered":"<p>Participamos del IIl Foro Mundial de DDHH que organiz\u00f3 Unesco en Argentina.<\/p>\n","protected":false},"author":3,"featured_media":156,"comment_status":"closed","ping_status":"open","sticky":false,"template":"","format":"standard","meta":{"footnotes":""},"categories":[6,7,4],"tags":[],"class_list":["post-154","post","type-post","status-publish","format-standard","has-post-thumbnail","hentry","category-acceso-a-derechos","category-institucional","category-personas-mayores-lbtiq"],"_links":{"self":[{"href":"https:\/\/leswarmi.ar\/index.php\/wp-json\/wp\/v2\/posts\/154","targetHints":{"allow":["GET"]}}],"collection":[{"href":"https:\/\/leswarmi.ar\/index.php\/wp-json\/wp\/v2\/posts"}],"about":[{"href":"https:\/\/leswarmi.ar\/index.php\/wp-json\/wp\/v2\/types\/post"}],"author":[{"embeddable":true,"href":"https:\/\/leswarmi.ar\/index.php\/wp-json\/wp\/v2\/users\/3"}],"replies":[{"embeddable":true,"href":"https:\/\/leswarmi.ar\/index.php\/wp-json\/wp\/v2\/comments?post=154"}],"version-history":[{"count":1,"href":"https:\/\/leswarmi.ar\/index.php\/wp-json\/wp\/v2\/posts\/154\/revisions"}],"predecessor-version":[{"id":157,"href":"https:\/\/leswarmi.ar\/index.php\/wp-json\/wp\/v2\/posts\/154\/revisions\/157"}],"wp:featuredmedia":[{"embeddable":true,"href":"https:\/\/leswarmi.ar\/index.php\/wp-json\/wp\/v2\/media\/156"}],"wp:attachment":[{"href":"https:\/\/leswarmi.ar\/index.php\/wp-json\/wp\/v2\/media?parent=154"}],"wp:term":[{"taxonomy":"category","embeddable":true,"href":"https:\/\/leswarmi.ar\/index.php\/wp-json\/wp\/v2\/categories?post=154"},{"taxonomy":"post_tag","embeddable":true,"href":"https:\/\/leswarmi.ar\/index.php\/wp-json\/wp\/v2\/tags?post=154"}],"curies":[{"name":"wp","href":"https:\/\/api.w.org\/{rel}","templated":true}]}}