{"id":135,"date":"2023-03-09T11:18:00","date_gmt":"2023-03-09T14:18:00","guid":{"rendered":"https:\/\/leswarmi.ar\/?p=135"},"modified":"2023-09-21T11:26:53","modified_gmt":"2023-09-21T14:26:53","slug":"leswarmi-en-unesco","status":"publish","type":"post","link":"https:\/\/leswarmi.ar\/index.php\/2023\/03\/09\/leswarmi-en-unesco\/","title":{"rendered":"Leswarmi en Unesco"},"content":{"rendered":"\n<p>Con gran alegr\u00eda compartimos con ustedes que participaremos del IIl Foro Mundial de los Derechos Humanos 2023 que organiza Unesco en Argentina. <\/p>\n\n\n\n<p>El taller &#8220;Todes Bienvenides estrategias para promover los derechos de las personas mayores LGBTIQ+&#8221;, se realizar\u00e1 el mi\u00e9rcoles 22 de marzo a las 9 am en el aula 48 de la FADU (Av. G\u00fciraldes 2160, CABA) en el III Foro Mundial de Derechos Humanos 2023. <\/p>\n\n\n\n<p>M\u00e1s info en\u00a0<a rel=\"noreferrer noopener\" href=\"http:\/\/www.fmdh23.org\/?fbclid=IwAR0eqXxhlrB_ZTcPy6nWedP9JuABGVWqPiXRXhzNPBkOlqf5TPSfOcdzeAw\" target=\"_blank\">www.fmdh23.org<\/a>\u00a0<\/p>\n\n\n\n<figure class=\"wp-block-gallery has-nested-images columns-default is-cropped wp-block-gallery-1 is-layout-flex wp-block-gallery-is-layout-flex\">\n<figure class=\"wp-block-image size-large\"><img loading=\"lazy\" decoding=\"async\" width=\"1024\" height=\"1024\" data-id=\"136\" src=\"https:\/\/leswarmi.ar\/wp-content\/uploads\/2023\/09\/unescoo-1024x1024.jpg\" alt=\"\" class=\"wp-image-136\" srcset=\"https:\/\/leswarmi.ar\/wp-content\/uploads\/2023\/09\/unescoo-1024x1024.jpg 1024w, https:\/\/leswarmi.ar\/wp-content\/uploads\/2023\/09\/unescoo-300x300.jpg 300w, https:\/\/leswarmi.ar\/wp-content\/uploads\/2023\/09\/unescoo-150x150.jpg 150w, https:\/\/leswarmi.ar\/wp-content\/uploads\/2023\/09\/unescoo-768x768.jpg 768w, https:\/\/leswarmi.ar\/wp-content\/uploads\/2023\/09\/unescoo.jpg 1080w\" sizes=\"auto, (max-width: 1024px) 100vw, 1024px\" \/><\/figure>\n\n\n\n<figure class=\"wp-block-image size-large\"><img loading=\"lazy\" decoding=\"async\" width=\"1024\" height=\"1024\" data-id=\"137\" src=\"https:\/\/leswarmi.ar\/wp-content\/uploads\/2023\/09\/foro-mundial-1024x1024.jpg\" alt=\"\" class=\"wp-image-137\" srcset=\"https:\/\/leswarmi.ar\/wp-content\/uploads\/2023\/09\/foro-mundial-1024x1024.jpg 1024w, https:\/\/leswarmi.ar\/wp-content\/uploads\/2023\/09\/foro-mundial-300x300.jpg 300w, https:\/\/leswarmi.ar\/wp-content\/uploads\/2023\/09\/foro-mundial-150x150.jpg 150w, https:\/\/leswarmi.ar\/wp-content\/uploads\/2023\/09\/foro-mundial-768x768.jpg 768w, https:\/\/leswarmi.ar\/wp-content\/uploads\/2023\/09\/foro-mundial.jpg 1080w\" sizes=\"auto, (max-width: 1024px) 100vw, 1024px\" \/><\/figure>\n\n\n\n<figure class=\"wp-block-image size-large\"><img loading=\"lazy\" decoding=\"async\" width=\"1024\" height=\"1024\" data-id=\"139\" src=\"https:\/\/leswarmi.ar\/wp-content\/uploads\/2023\/09\/unesco-1024x1024.jpg\" alt=\"\" class=\"wp-image-139\" srcset=\"https:\/\/leswarmi.ar\/wp-content\/uploads\/2023\/09\/unesco-1024x1024.jpg 1024w, https:\/\/leswarmi.ar\/wp-content\/uploads\/2023\/09\/unesco-300x300.jpg 300w, https:\/\/leswarmi.ar\/wp-content\/uploads\/2023\/09\/unesco-150x150.jpg 150w, https:\/\/leswarmi.ar\/wp-content\/uploads\/2023\/09\/unesco-768x768.jpg 768w, https:\/\/leswarmi.ar\/wp-content\/uploads\/2023\/09\/unesco.jpg 1080w\" sizes=\"auto, (max-width: 1024px) 100vw, 1024px\" \/><\/figure>\n<\/figure>\n","protected":false},"excerpt":{"rendered":"<p>Participaremos del IIl Foro Mundial de los Derechos Humanos 2023 que organiza Unesco en Argentina. <\/p>\n","protected":false},"author":3,"featured_media":137,"comment_status":"closed","ping_status":"open","sticky":false,"template":"","format":"standard","meta":{"footnotes":""},"categories":[6,7,4],"tags":[],"class_list":["post-135","post","type-post","status-publish","format-standard","has-post-thumbnail","hentry","category-acceso-a-derechos","category-institucional","category-personas-mayores-lbtiq"],"_links":{"self":[{"href":"https:\/\/leswarmi.ar\/index.php\/wp-json\/wp\/v2\/posts\/135","targetHints":{"allow":["GET"]}}],"collection":[{"href":"https:\/\/leswarmi.ar\/index.php\/wp-json\/wp\/v2\/posts"}],"about":[{"href":"https:\/\/leswarmi.ar\/index.php\/wp-json\/wp\/v2\/types\/post"}],"author":[{"embeddable":true,"href":"https:\/\/leswarmi.ar\/index.php\/wp-json\/wp\/v2\/users\/3"}],"replies":[{"embeddable":true,"href":"https:\/\/leswarmi.ar\/index.php\/wp-json\/wp\/v2\/comments?post=135"}],"version-history":[{"count":1,"href":"https:\/\/leswarmi.ar\/index.php\/wp-json\/wp\/v2\/posts\/135\/revisions"}],"predecessor-version":[{"id":140,"href":"https:\/\/leswarmi.ar\/index.php\/wp-json\/wp\/v2\/posts\/135\/revisions\/140"}],"wp:featuredmedia":[{"embeddable":true,"href":"https:\/\/leswarmi.ar\/index.php\/wp-json\/wp\/v2\/media\/137"}],"wp:attachment":[{"href":"https:\/\/leswarmi.ar\/index.php\/wp-json\/wp\/v2\/media?parent=135"}],"wp:term":[{"taxonomy":"category","embeddable":true,"href":"https:\/\/leswarmi.ar\/index.php\/wp-json\/wp\/v2\/categories?post=135"},{"taxonomy":"post_tag","embeddable":true,"href":"https:\/\/leswarmi.ar\/index.php\/wp-json\/wp\/v2\/tags?post=135"}],"curies":[{"name":"wp","href":"https:\/\/api.w.org\/{rel}","templated":true}]}}