{"id":115,"date":"2023-03-09T10:39:00","date_gmt":"2023-03-09T13:39:00","guid":{"rendered":"https:\/\/leswarmi.ar\/?p=115"},"modified":"2023-09-21T11:27:01","modified_gmt":"2023-09-21T14:27:01","slug":"encuentros-de-planificacion-estrategica","status":"publish","type":"post","link":"https:\/\/leswarmi.ar\/index.php\/2023\/03\/09\/encuentros-de-planificacion-estrategica\/","title":{"rendered":"Encuentros de planificaci\u00f3n estrat\u00e9gica."},"content":{"rendered":"\n<p>Participamos de dos jornadas de trabajo en sesiones de planificaci\u00f3n estrat\u00e9gica. Los encuentros fueron conducidos por AllWelcome de Canad\u00e1 con quienes trabajamos el re-dise\u00f1o de nuestra visi\u00f3n y misi\u00f3n. Y adem\u00e1s iniciamos el di\u00e1logo para constituirnos como ONG. Queremos que todas las compa\u00f1eras sepan que implica esto y que pasos debemos dar juntas.&nbsp;<\/p>\n\n\n\n<p>El encuentro se hizo en el Sindicato de Docentes de Tucum\u00e1n (ATEP) quienes nos colaboraron con el espacio para encontrarnos.&nbsp;<\/p>\n\n\n\n<p>En el encuentro vimos como nuestra Visi\u00f3n\/Misi\u00f3n fue cambiando a lo largo de este tiempo y c\u00f3mo necesitamos pensarla desde lo que queremos colectivamente adem\u00e1s de c\u00f3mo nos vemos y c\u00f3mo queremos vernos y que nos vean. El proceso fue muy interesante y participativo.&nbsp;<\/p>\n\n\n\n<p>Queremos agradecer a &#8220;Bienvenides\/AllWelcome&#8221; y a Martin Krajcik, que nos apoyaron facilitando la jornada y ayud\u00e1ndonos a construir consensos.\u00a0 Adem\u00e1s que fue muy entretenido!<\/p>\n\n\n\n<p>Estamos muy contentas con este avance y queremos compartirlo con ustedes.<\/p>\n\n\n\n<figure class=\"wp-block-gallery has-nested-images columns-default is-cropped wp-block-gallery-1 is-layout-flex wp-block-gallery-is-layout-flex\">\n<figure class=\"wp-block-image size-large\"><img loading=\"lazy\" decoding=\"async\" width=\"1024\" height=\"768\" data-id=\"118\" src=\"https:\/\/leswarmi.ar\/wp-content\/uploads\/2023\/09\/capacitacion-Welcome-1024x768.jpg\" alt=\"\" class=\"wp-image-118\" srcset=\"https:\/\/leswarmi.ar\/wp-content\/uploads\/2023\/09\/capacitacion-Welcome-1024x768.jpg 1024w, https:\/\/leswarmi.ar\/wp-content\/uploads\/2023\/09\/capacitacion-Welcome-300x225.jpg 300w, https:\/\/leswarmi.ar\/wp-content\/uploads\/2023\/09\/capacitacion-Welcome-768x576.jpg 768w, https:\/\/leswarmi.ar\/wp-content\/uploads\/2023\/09\/capacitacion-Welcome.jpg 1040w\" sizes=\"auto, (max-width: 1024px) 100vw, 1024px\" \/><figcaption class=\"wp-element-caption\">Exif_JPEG_420<\/figcaption><\/figure>\n\n\n\n<figure class=\"wp-block-image size-large\"><img loading=\"lazy\" decoding=\"async\" width=\"1024\" height=\"768\" data-id=\"116\" src=\"https:\/\/leswarmi.ar\/wp-content\/uploads\/2023\/09\/IMG_20230307_144056_387-1024x768.jpg\" alt=\"\" class=\"wp-image-116\" srcset=\"https:\/\/leswarmi.ar\/wp-content\/uploads\/2023\/09\/IMG_20230307_144056_387-1024x768.jpg 1024w, https:\/\/leswarmi.ar\/wp-content\/uploads\/2023\/09\/IMG_20230307_144056_387-300x225.jpg 300w, https:\/\/leswarmi.ar\/wp-content\/uploads\/2023\/09\/IMG_20230307_144056_387-768x576.jpg 768w, https:\/\/leswarmi.ar\/wp-content\/uploads\/2023\/09\/IMG_20230307_144056_387.jpg 1040w\" sizes=\"auto, (max-width: 1024px) 100vw, 1024px\" \/><figcaption class=\"wp-element-caption\">Exif_JPEG_420<\/figcaption><\/figure>\n\n\n\n<figure class=\"wp-block-image size-large\"><img loading=\"lazy\" decoding=\"async\" width=\"1024\" height=\"768\" data-id=\"119\" src=\"https:\/\/leswarmi.ar\/wp-content\/uploads\/2023\/09\/IMG_20230307_143711_463-1024x768.jpg\" alt=\"\" class=\"wp-image-119\" srcset=\"https:\/\/leswarmi.ar\/wp-content\/uploads\/2023\/09\/IMG_20230307_143711_463-1024x768.jpg 1024w, https:\/\/leswarmi.ar\/wp-content\/uploads\/2023\/09\/IMG_20230307_143711_463-300x225.jpg 300w, https:\/\/leswarmi.ar\/wp-content\/uploads\/2023\/09\/IMG_20230307_143711_463-768x576.jpg 768w, https:\/\/leswarmi.ar\/wp-content\/uploads\/2023\/09\/IMG_20230307_143711_463.jpg 1040w\" sizes=\"auto, (max-width: 1024px) 100vw, 1024px\" \/><figcaption class=\"wp-element-caption\">Exif_JPEG_420<\/figcaption><\/figure>\n<\/figure>\n","protected":false},"excerpt":{"rendered":"<p>Un encuentro para fortalecernos como grupo! Coordinado por AllWelcome Canad\u00e1.<\/p>\n","protected":false},"author":3,"featured_media":117,"comment_status":"closed","ping_status":"open","sticky":false,"template":"","format":"standard","meta":{"footnotes":""},"categories":[7],"tags":[],"class_list":["post-115","post","type-post","status-publish","format-standard","has-post-thumbnail","hentry","category-institucional"],"_links":{"self":[{"href":"https:\/\/leswarmi.ar\/index.php\/wp-json\/wp\/v2\/posts\/115","targetHints":{"allow":["GET"]}}],"collection":[{"href":"https:\/\/leswarmi.ar\/index.php\/wp-json\/wp\/v2\/posts"}],"about":[{"href":"https:\/\/leswarmi.ar\/index.php\/wp-json\/wp\/v2\/types\/post"}],"author":[{"embeddable":true,"href":"https:\/\/leswarmi.ar\/index.php\/wp-json\/wp\/v2\/users\/3"}],"replies":[{"embeddable":true,"href":"https:\/\/leswarmi.ar\/index.php\/wp-json\/wp\/v2\/comments?post=115"}],"version-history":[{"count":3,"href":"https:\/\/leswarmi.ar\/index.php\/wp-json\/wp\/v2\/posts\/115\/revisions"}],"predecessor-version":[{"id":122,"href":"https:\/\/leswarmi.ar\/index.php\/wp-json\/wp\/v2\/posts\/115\/revisions\/122"}],"wp:featuredmedia":[{"embeddable":true,"href":"https:\/\/leswarmi.ar\/index.php\/wp-json\/wp\/v2\/media\/117"}],"wp:attachment":[{"href":"https:\/\/leswarmi.ar\/index.php\/wp-json\/wp\/v2\/media?parent=115"}],"wp:term":[{"taxonomy":"category","embeddable":true,"href":"https:\/\/leswarmi.ar\/index.php\/wp-json\/wp\/v2\/categories?post=115"},{"taxonomy":"post_tag","embeddable":true,"href":"https:\/\/leswarmi.ar\/index.php\/wp-json\/wp\/v2\/tags?post=115"}],"curies":[{"name":"wp","href":"https:\/\/api.w.org\/{rel}","templated":true}]}}