{"id":109,"date":"2023-03-04T10:22:00","date_gmt":"2023-03-04T13:22:00","guid":{"rendered":"https:\/\/leswarmi.ar\/?p=109"},"modified":"2025-11-29T16:58:06","modified_gmt":"2025-11-29T19:58:06","slug":"reunion-con-liderando","status":"publish","type":"post","link":"https:\/\/leswarmi.ar\/index.php\/2023\/03\/04\/reunion-con-liderando\/","title":{"rendered":"Reuni\u00f3n con Liderando."},"content":{"rendered":"\n<p>En febrero nos visitaron las compa\u00f1eras de Liderando desde el Sur del Fondo Mujeres del Sur (FMS). Liderando es una de las organizaciones que nos acompa\u00f1a en los proyectos que desarrollamos para promover los derechos de las personas mayores LBTIQ+. Estos proyectos los hacemos en el marco de un Consorcio con otras organizaciones y grupos de Tucum\u00e1n. <\/p>\n\n\n\n<p>En las reuni\u00f3n nos hicieron aportes muy importantes para seguir fortaleciendonos como grupo. Valoramos mucho este encuentro que nos permite seguir construyendonos desde una din\u00e1mica amorosa y respetuosa de nuestros tiempos, procesos e indivisualidades pero desde una perspectiva colectiva. <\/p>\n\n\n\n<p>Agradecemos a Laura Porrini y a Natalia Bertiche por su visita y los aportes que nos hicieron. Valoramos mucho este encuentro por lo enriquecedor de las charlas y el enfoque.<\/p>\n\n\n\n<p>Nos acompa\u00f1aron cumpas de Cris\u00e1lida, La Grupa Trans y Familias Diversas Tucum\u00e1n que integran el mencionado consorcio. Agradecemos al Sindicato de Amas de Casa que nos prestaron el Sal\u00f3n de Usos M\u00faltiples para realizar la reuni\u00f3n. <\/p>\n\n\n\n<figure class=\"wp-block-gallery has-nested-images columns-default is-cropped wp-block-gallery-1 is-layout-flex wp-block-gallery-is-layout-flex\">\n<figure class=\"wp-block-image size-large\"><img loading=\"lazy\" decoding=\"async\" width=\"768\" height=\"1024\" data-id=\"111\" src=\"https:\/\/leswarmi.ar\/wp-content\/uploads\/2023\/09\/liderando-8-768x1024.jpg\" alt=\"\" class=\"wp-image-111\" srcset=\"https:\/\/leswarmi.ar\/wp-content\/uploads\/2023\/09\/liderando-8-768x1024.jpg 768w, https:\/\/leswarmi.ar\/wp-content\/uploads\/2023\/09\/liderando-8-225x300.jpg 225w, https:\/\/leswarmi.ar\/wp-content\/uploads\/2023\/09\/liderando-8.jpg 864w\" sizes=\"auto, (max-width: 768px) 100vw, 768px\" \/><\/figure>\n\n\n\n<figure class=\"wp-block-image size-large\"><img loading=\"lazy\" decoding=\"async\" width=\"576\" height=\"1024\" data-id=\"110\" src=\"https:\/\/leswarmi.ar\/wp-content\/uploads\/2023\/09\/liderando-7.jpg\" alt=\"\" class=\"wp-image-110\" srcset=\"https:\/\/leswarmi.ar\/wp-content\/uploads\/2023\/09\/liderando-7.jpg 576w, https:\/\/leswarmi.ar\/wp-content\/uploads\/2023\/09\/liderando-7-169x300.jpg 169w\" sizes=\"auto, (max-width: 576px) 100vw, 576px\" \/><\/figure>\n<\/figure>\n","protected":false},"excerpt":{"rendered":"<p>Recibimos a las referentes de Liderando desde el Sur del FMS.<\/p>\n","protected":false},"author":3,"featured_media":112,"comment_status":"closed","ping_status":"open","sticky":false,"template":"","format":"standard","meta":{"footnotes":""},"categories":[7],"tags":[],"class_list":["post-109","post","type-post","status-publish","format-standard","has-post-thumbnail","hentry","category-institucional"],"_links":{"self":[{"href":"https:\/\/leswarmi.ar\/index.php\/wp-json\/wp\/v2\/posts\/109","targetHints":{"allow":["GET"]}}],"collection":[{"href":"https:\/\/leswarmi.ar\/index.php\/wp-json\/wp\/v2\/posts"}],"about":[{"href":"https:\/\/leswarmi.ar\/index.php\/wp-json\/wp\/v2\/types\/post"}],"author":[{"embeddable":true,"href":"https:\/\/leswarmi.ar\/index.php\/wp-json\/wp\/v2\/users\/3"}],"replies":[{"embeddable":true,"href":"https:\/\/leswarmi.ar\/index.php\/wp-json\/wp\/v2\/comments?post=109"}],"version-history":[{"count":4,"href":"https:\/\/leswarmi.ar\/index.php\/wp-json\/wp\/v2\/posts\/109\/revisions"}],"predecessor-version":[{"id":716,"href":"https:\/\/leswarmi.ar\/index.php\/wp-json\/wp\/v2\/posts\/109\/revisions\/716"}],"wp:featuredmedia":[{"embeddable":true,"href":"https:\/\/leswarmi.ar\/index.php\/wp-json\/wp\/v2\/media\/112"}],"wp:attachment":[{"href":"https:\/\/leswarmi.ar\/index.php\/wp-json\/wp\/v2\/media?parent=109"}],"wp:term":[{"taxonomy":"category","embeddable":true,"href":"https:\/\/leswarmi.ar\/index.php\/wp-json\/wp\/v2\/categories?post=109"},{"taxonomy":"post_tag","embeddable":true,"href":"https:\/\/leswarmi.ar\/index.php\/wp-json\/wp\/v2\/tags?post=109"}],"curies":[{"name":"wp","href":"https:\/\/api.w.org\/{rel}","templated":true}]}}